{"id":15381,"date":"2023-02-15T13:50:09","date_gmt":"2023-02-15T16:50:09","guid":{"rendered":"https:\/\/www.cbm.df.gov.br\/lai\/?p=15381"},"modified":"2024-01-17T15:31:07","modified_gmt":"2024-01-17T18:31:07","slug":"treinamentos-gestores-e-executores-2022","status":"publish","type":"post","link":"https:\/\/www.cbm.df.gov.br\/lai\/licitacoes\/treinamentos-gestores-e-executores-2022\/","title":{"rendered":"Treinamentos &#8211; Gestores e Executores &#8211; 2022"},"content":{"rendered":"<ul>\n<li>\n<h4><a  data-e-Disable-Page-Transition=\"true\" class=\"download-link\" title=\"\" href=\"https:\/\/www.cbm.df.gov.br\/lai\/download\/capacitacao-turma-a-pdf\/?tmstv=1777635004\" rel=\"nofollow\" id=\"download-link-15383\" data-redirect=\"false\" >\n\tCapacitacao-turma-A.pdf\t(682 downloads\t)\n<\/a>\n<\/h4>\n<\/li>\n<li>\n<h4><a  data-e-Disable-Page-Transition=\"true\" class=\"download-link\" title=\"\" href=\"https:\/\/www.cbm.df.gov.br\/lai\/download\/capacitacao-turma-b-pdf\/?tmstv=1777635004\" rel=\"nofollow\" id=\"download-link-15386\" data-redirect=\"false\" >\n\tCapacitacao-turma-B.pdf\t(658 downloads\t)\n<\/a>\n<\/h4>\n<\/li>\n<\/ul>\n<h5><span style=\"font-family: Calibri;\">ATO DO CHEFE DO DEPARTAMENTO DE ADMINISTRA\u00c7\u00c3O LOG\u00cdSTICA E FINANCEIRA.\u00a0<\/span><\/h5>\n<p><span style=\"font-family: Calibri;\">CAPACITA\u00c7\u00c3O PARA FISCALIZADORES DE CONTRATOS O CHEFE DO DEPARTAMENTO DE ADMINISTRA\u00c7\u00c3O LOG\u00cdSTICA E FINANCEIRA, no uso das atribui\u00e7\u00f5es que lhe confere o inciso I, do art. 43, do Decreto Federal n\u00b0 7.163, de 29 abr. 2010, que regulamenta o inciso I, do art. 10-B, da Lei n\u00b0 8.255, de 20 nov. 1991; combinado com o inciso IV, do art. 46, do Regimento Interno do Corpo de Bombeiros Militar do Distrito Federal, aprovado pela Portaria n\u00b0 24, de 25 nov. 2020, e com fulcro no art. 67, da Lei n\u00b0 8.666\/1993, resolve:\u00a0<\/span>TORNAR P\u00daBLICO que os militares constantes das rela\u00e7\u00f5es abaixo, participaram da Capacita\u00e7\u00e3o para Fiscalizadores de Contratos do CBMDF &#8211; Turma A e\u00a0B\/2022, tendo sido realizado no per\u00edodo de 15\/08\/2022 a 19\/08\/2022, e\u00a021\/11\/2022 a 24\/11\/2022, respectivamente; nas instala\u00e7\u00f5es do Centro de Estudos de Pol\u00edtica, Estrat\u00e9gia e Doutrina &#8211; CEPED, Complexo da Academia Bombeiro Militar &#8211; ABMIL, da forma seguinte:<\/p>\n<p>1) Coordena\u00e7\u00e3o:<\/p>\n<p>1.1) Ten-Cel. QOBM\/Comb. CRISTIANNE DA SILVA ANTUNES, matr. 1400015;<\/p>\n<p>1.2) Ten-Cel. QOBM\/Comb. LEONARDO MONTEIRO LOPES, matr. 1400128.<\/p>\n<p>2) Instrutores\/Docentes:<\/p>\n<p>2.1) Cap. QOBM\/Compl. EMANUEL DIAS DE VASCONCELOS, matr. 2036377;<\/p>\n<p>2.2) 2\u00b0 Ten. QOBM\/Intd. ERICK SANTOS HAIDAR, matr. 1405015.<\/p>\n<p>3) Indicados concludentes turma A:<\/p>\n<p>3.1) Cap. QOBM\/C.Dent. PAULA CESAR SGRECCIA, matr. 1920144;<\/p>\n<p>3.2) 1\u00b0 Ten. QOBM\/Compl. ALINE QUEIROZ DA SILVA FERNANDES, matr. 1249038;<\/p>\n<p>3.3) 1\u00b0 Ten. RRm.\/PTTC JAILTON TEIXEIRA DE SOUZA, matr. 1402137;<\/p>\n<p>3.4) 2\u00b0 Ten. QOBM\/Intd. DEM\u00d3GENES ALVES MILHOMEM, matr. 1405028;<\/p>\n<p>3.5) 2\u00b0 Ten. RRm. S\u00c9RGIO MARQUES DO CARMO, matr. 1402355;<\/p>\n<p>3.6) SubTen. QBMG-1 JOSEMI BARBOSA DA SILVA J\u00daNIOR, matr. 1403530;<\/p>\n<p>3.7) 1\u00b0 Sgt. QBMG-1 SINVAL URIAS LUIZ DOS SANTOS FILHO, matr. 1404785;<\/p>\n<p>3.8) 2\u00b0 Sgt. QBMG-1 CRISTIANO LEITE MACEDO, matr. 1404597;<\/p>\n<p>3.9) 2\u00b0 Sgt. QBMG-1 L\u00daCIA CRISTINA ROCHA OLIVEIRA, matr. 1405550;<\/p>\n<p>3.10) 2\u00b0 Sgt. QBMG-1 FL\u00c1VIA CARDOSO NOGUEIRA BRAGA, matr. 1405503;<\/p>\n<p>3.11) 2\u00b0 Sgt. QBMG-1 JOS\u00c9 RODRIGO ALVES FARIA, matr. 1405400;<\/p>\n<p>3.12) 2\u00b0 Sgt. QBMG-1 NILVAN DE SOUZA CARVALHO, matr. 1405561;<\/p>\n<p>3.13) 2\u00b0 Sgt. QBMG-1 FABIO FERREIRA PEIXOTO, matr. 1405813;<\/p>\n<p>3.14) 3\u00b0 Sgt. QBMG-1 SARAH K\u00cdSSILA DE ARA\u00daJO PRAXEDES, matr. 2039880;<\/p>\n<p>3.15) Cb. QBMG-3 JONATAS RAMOM COSTA LEMO, matr. 3002420;<\/p>\n<p>3.16) Cb. QBMG-3 JULIANO ROQUES SILVA, matr. 3066280;<\/p>\n<p>3.17) Cb. QBMG-3 KELVIN ARAUJO DE OLIVEIRA, matr. 3002450;<\/p>\n<p>3.18) Cb. QBMG-3 LUCAS LOPES ARAUJO, matr. 3057490;<\/p>\n<p>3.19) Sd.\/1 QBMG-3 RAFAEL RAMOS COUTINHO, matr. 1986085.<\/p>\n<p>4) Indicados concludentes turma B:<\/p>\n<p>4.1) Cap. QOBM\/MUS WILLIAM LOPES CARDOSO. matr. 1403422;<\/p>\n<p>4.2) 1\u00b0 Sgt. RRm.\/PPTC CARLINDO JOS\u00c9 DE BARROS. matr. 1402517;<\/p>\n<p>4.3) 1\u00b0 Sgt. QBMG-1 ADILSON SILVA REBELO MELO, matr. 1405821;<\/p>\n<p>4.4) 1\u00b0 Sgt. QOBMG-1 HUMBERTO GOMES D SILVA JUNIOR, matr. 1406089;<\/p>\n<p>4.5) 2\u00b0 Sgt. QBMG-1 JO\u00c3O ALVES DA SILVA NETO, matr. 1405546;<\/p>\n<p>4.6) 2\u00b0 Sgt. QBMG-1 KALINE COUTO DA SILVA, matr. 1405893;<\/p>\n<p>4.7) 3\u00b0 Sgt. QBMG-1 LUIZA FREITAS VELHO, matr. 1922659;<\/p>\n<p>4.8) 3\u00b0 Sgt. QOBMG-1 VANESSA RODRIGUES COQUEIRO, matr. 3003058;<\/p>\n<p>4.9) 3\u00b0 Sgt. QOBMG-1 VICTOR SILVANO RESENDE, matr. 3053859;<\/p>\n<p>4.10) Cb. QBMG-3 MATHEUS BARRETO DE SENA SAMPAIO, matr. 3142612;<\/p>\n<p>4.11) Cb. QBMG-1 DANIELLE GON\u00c7ALVES E SOARES DA SILVA, matr. 3142534;<\/p>\n<p>4.12) Sd.\/1 QBMG-3 CARLOS CELIO LAUREANO RAMOS, matr. 3142648;<\/p>\n<p>4.13) Estagi\u00e1rio GABRIEL PIRES ABADIA, matr. 0958179.<\/p>\n","protected":false},"excerpt":{"rendered":"<p>ATO DO CHEFE DO DEPARTAMENTO DE ADMINISTRA\u00c7\u00c3O LOG\u00cdSTICA E FINANCEIRA.\u00a0 CAPACITA\u00c7\u00c3O PARA FISCALIZADORES DE CONTRATOS O CHEFE DO DEPARTAMENTO DE ADMINISTRA\u00c7\u00c3O LOG\u00cdSTICA E FINANCEIRA, no uso das atribui\u00e7\u00f5es que lhe confere o inciso I, do art. 43, do Decreto Federal n\u00b0 7.163, de 29 abr. 2010, que regulamenta o inciso I, do art. 10-B, da [&hellip;]<\/p>\n","protected":false},"author":1,"featured_media":0,"comment_status":"closed","ping_status":"closed","sticky":false,"template":"","format":"standard","meta":{"_crdt_document":"","ocean_post_layout":"","ocean_both_sidebars_style":"","ocean_both_sidebars_content_width":0,"ocean_both_sidebars_sidebars_width":0,"ocean_sidebar":"0","ocean_second_sidebar":"0","ocean_disable_margins":"enable","ocean_add_body_class":"","ocean_shortcode_before_top_bar":"","ocean_shortcode_after_top_bar":"","ocean_shortcode_before_header":"","ocean_shortcode_after_header":"","ocean_has_shortcode":"","ocean_shortcode_after_title":"","ocean_shortcode_before_footer_widgets":"","ocean_shortcode_after_footer_widgets":"","ocean_shortcode_before_footer_bottom":"","ocean_shortcode_after_footer_bottom":"","ocean_display_top_bar":"default","ocean_display_header":"default","ocean_header_style":"","ocean_center_header_left_menu":"0","ocean_custom_header_template":"0","ocean_custom_logo":0,"ocean_custom_retina_logo":0,"ocean_custom_logo_max_width":0,"ocean_custom_logo_tablet_max_width":0,"ocean_custom_logo_mobile_max_width":0,"ocean_custom_logo_max_height":0,"ocean_custom_logo_tablet_max_height":0,"ocean_custom_logo_mobile_max_height":0,"ocean_header_custom_menu":"0","ocean_menu_typo_font_family":"0","ocean_menu_typo_font_subset":"","ocean_menu_typo_font_size":0,"ocean_menu_typo_font_size_tablet":0,"ocean_menu_typo_font_size_mobile":0,"ocean_menu_typo_font_size_unit":"px","ocean_menu_typo_font_weight":"","ocean_menu_typo_font_weight_tablet":"","ocean_menu_typo_font_weight_mobile":"","ocean_menu_typo_transform":"","ocean_menu_typo_transform_tablet":"","ocean_menu_typo_transform_mobile":"","ocean_menu_typo_line_height":0,"ocean_menu_typo_line_height_tablet":0,"ocean_menu_typo_line_height_mobile":0,"ocean_menu_typo_line_height_unit":"","ocean_menu_typo_spacing":0,"ocean_menu_typo_spacing_tablet":0,"ocean_menu_typo_spacing_mobile":0,"ocean_menu_typo_spacing_unit":"","ocean_menu_link_color":"","ocean_menu_link_color_hover":"","ocean_menu_link_color_active":"","ocean_menu_link_background":"","ocean_menu_link_hover_background":"","ocean_menu_link_active_background":"","ocean_menu_social_links_bg":"","ocean_menu_social_hover_links_bg":"","ocean_menu_social_links_color":"","ocean_menu_social_hover_links_color":"","ocean_disable_title":"default","ocean_disable_heading":"default","ocean_post_title":"","ocean_post_subheading":"","ocean_post_title_style":"","ocean_post_title_background_color":"","ocean_post_title_background":0,"ocean_post_title_bg_image_position":"","ocean_post_title_bg_image_attachment":"","ocean_post_title_bg_image_repeat":"","ocean_post_title_bg_image_size":"","ocean_post_title_height":0,"ocean_post_title_bg_overlay":0.5,"ocean_post_title_bg_overlay_color":"","ocean_disable_breadcrumbs":"default","ocean_breadcrumbs_color":"","ocean_breadcrumbs_separator_color":"","ocean_breadcrumbs_links_color":"","ocean_breadcrumbs_links_hover_color":"","ocean_display_footer_widgets":"default","ocean_display_footer_bottom":"default","ocean_custom_footer_template":"0","ocean_post_oembed":"","ocean_post_self_hosted_media":"","ocean_post_video_embed":"","ocean_link_format":"","ocean_link_format_target":"self","ocean_quote_format":"","ocean_quote_format_link":"post","ocean_gallery_link_images":"off","ocean_gallery_id":[],"footnotes":""},"categories":[16],"tags":[],"class_list":["post-15381","post","type-post","status-publish","format-standard","hentry","category-licitacoes","entry"],"_links":{"self":[{"href":"https:\/\/www.cbm.df.gov.br\/lai\/wp-json\/wp\/v2\/posts\/15381","targetHints":{"allow":["GET"]}}],"collection":[{"href":"https:\/\/www.cbm.df.gov.br\/lai\/wp-json\/wp\/v2\/posts"}],"about":[{"href":"https:\/\/www.cbm.df.gov.br\/lai\/wp-json\/wp\/v2\/types\/post"}],"author":[{"embeddable":true,"href":"https:\/\/www.cbm.df.gov.br\/lai\/wp-json\/wp\/v2\/users\/1"}],"replies":[{"embeddable":true,"href":"https:\/\/www.cbm.df.gov.br\/lai\/wp-json\/wp\/v2\/comments?post=15381"}],"version-history":[{"count":2,"href":"https:\/\/www.cbm.df.gov.br\/lai\/wp-json\/wp\/v2\/posts\/15381\/revisions"}],"predecessor-version":[{"id":15389,"href":"https:\/\/www.cbm.df.gov.br\/lai\/wp-json\/wp\/v2\/posts\/15381\/revisions\/15389"}],"wp:attachment":[{"href":"https:\/\/www.cbm.df.gov.br\/lai\/wp-json\/wp\/v2\/media?parent=15381"}],"wp:term":[{"taxonomy":"category","embeddable":true,"href":"https:\/\/www.cbm.df.gov.br\/lai\/wp-json\/wp\/v2\/categories?post=15381"},{"taxonomy":"post_tag","embeddable":true,"href":"https:\/\/www.cbm.df.gov.br\/lai\/wp-json\/wp\/v2\/tags?post=15381"}],"curies":[{"name":"wp","href":"https:\/\/api.w.org\/{rel}","templated":true}]}}