{"id":2088,"date":"2021-02-11T16:30:48","date_gmt":"2021-02-11T19:30:48","guid":{"rendered":"https:\/\/www.cbm.df.gov.br\/lai\/?p=2088"},"modified":"2024-01-17T15:33:31","modified_gmt":"2024-01-17T18:33:31","slug":"pe-no-13-2021-srp-de-equipamentos-e-ferramentas-para-manutencao-de-ar-condicionado-de-veiculos","status":"publish","type":"post","link":"https:\/\/www.cbm.df.gov.br\/lai\/licitacoes\/2021\/pe-no-13-2021-srp-de-equipamentos-e-ferramentas-para-manutencao-de-ar-condicionado-de-veiculos\/","title":{"rendered":"PE n\u00ba 13-2021 &#8211; SRP de equipamentos e ferramentas para manuten\u00e7\u00e3o de ar condicionado de ve\u00edculos"},"content":{"rendered":"<p><strong>PE n\u00ba 13\/2021 \u2013 Registro de Pre\u00e7os para eventual aquisi\u00e7\u00e3o de equipamentos e ferramentas\u00a0 para utiliza\u00e7\u00e3o na oficina de manuten\u00e7\u00e3o de ar condicionado automotivo do Centro de Manuten\u00e7\u00e3o de Equipamentos e Viaturas (CEMEV) do CBMDF, conforme especifica\u00e7\u00f5es, quantitativos e condi\u00e7\u00f5es estabelecidos no Termo de Refer\u00eancia constante do Anexo I do Edital.<\/strong><\/p>\n<p>&nbsp;<\/p>\n<p class=\"I03_Centralizado_12\" style=\"text-align: center\"><strong><u>I M P O R T A N T E<\/u><\/strong><\/p>\n<p class=\"I02_Justificado_12\" style=\"text-align: center\"><strong>PEDIDOS DE ESCLARECIMENTO AT\u00c9: 18:00\u00a0horas do dia 28\/07\/2021.<\/strong><\/p>\n<p class=\"I02_Justificado_12\" style=\"text-align: center\"><strong>PEDIDOS DE IMPUGNA\u00c7\u00c3O AT\u00c9: 18:00\u00a0horas do dia 28\/07\/2021.<\/strong><\/p>\n<p class=\"I02_Justificado_12\" style=\"text-align: center\"><strong>RECEBIMENTO DAS PROPOSTAS AT\u00c9: 13:30\u00a0horas do dia 02\/08\/2021.<\/strong><\/p>\n<p class=\"I02_Justificado_12\" style=\"text-align: center\"><strong>ABERTURA DAS PROPOSTAS \u00c0S: 13:30\u00a0horas do dia 02\/08\/2021.<\/strong><\/p>\n<p class=\"I02_Justificado_12\" style=\"text-align: center\"><strong>IN\u00cdCIO DA SESS\u00c3O DE DISPUTA DE PRE\u00c7OS \u00c0S: 14:00\u00a0horas do dia 02\/08\/2021.<\/strong><\/p>\n<p><strong>\u00a0<\/strong><\/p>\n<table width=\"1233\">\n<tbody>\n<tr>\n<td colspan=\"2\" width=\"584\"><strong>DADOS DA LICITA\u00c7\u00c3O (IN n\u00ba 02\/2015 \u2013 CGDF)<\/strong><\/p>\n<p>CBMDF \u2013 C\u00f3digo UASG n\u00ba 170394 \u2013 Atualizado em 15\/07\/2021 \u2013 COPLI\/SELIC\/CBMDF<\/td>\n<\/tr>\n<tr>\n<td width=\"192\"><strong>PE n\u00ba<\/strong><\/td>\n<td width=\"392\">13\/2021-CBMDF<\/td>\n<\/tr>\n<tr>\n<td width=\"192\"><strong>N\u00famero do processo\u00a0<\/strong><\/td>\n<td width=\"392\"><strong>SEI 00053-00011033\/2021-57<\/strong><\/td>\n<\/tr>\n<tr>\n<td width=\"192\"><strong>Tipo de licita\u00e7\u00e3o<\/strong><\/td>\n<td width=\"392\">Menor pre\u00e7o<\/td>\n<\/tr>\n<tr>\n<td width=\"192\"><strong>Objeto da licita\u00e7\u00e3o<\/strong><\/td>\n<td width=\"392\"><strong>Registro de Pre\u00e7os para eventual aquisi\u00e7\u00e3o de equipamentos e ferramentas\u00a0 para utiliza\u00e7\u00e3o na oficina de manuten\u00e7\u00e3o de ar condicionado automotivo do Centro de Manuten\u00e7\u00e3o de Equipamentos e Viaturas (CEMEV) do CBMDF, conforme especifica\u00e7\u00f5es, quantitativos e condi\u00e7\u00f5es estabelecidos no Termo de Refer\u00eancia constante do Anexo I do Edital.<\/strong><\/td>\n<\/tr>\n<tr>\n<td width=\"192\"><strong>Descri\u00e7\u00e3o e n\u00famero de itens<\/strong><\/p>\n<p><strong>\u00a0(Total de Grupos: 1. Total de Itens: 8)<\/strong><\/td>\n<td width=\"392\">\n<h6><strong>Grupo 1 &#8211; Item 01 \u2013 RECICLADORA DE G\u00c1S PARA AR CONDICIONADO AUTOM\u00c1TICA<\/strong><\/h6>\n<h6><strong>Grupo 1 &#8211; Item 02 \u2013 MANIFOLD AUTOMOTIVO PARA G\u00c1S R 134<\/strong><\/h6>\n<h6><strong>Grupo 1 &#8211; Item 03 \u2013 RECOLHEDORA E RECICLADORA DE G\u00c1S<\/strong><\/h6>\n<h6><strong>Grupo 1 &#8211; Item 04 \u2013 BALAN\u00c7A DIGITAL ELETR\u00d4NICA 100 Kg<\/strong><\/h6>\n<h6><strong>Grupo 1 &#8211; Item 05 \u2013 BOMBA DE V\u00c1CUO 12 CFM<\/strong><\/h6>\n<h6><strong>Grupo 1 &#8211; Item 06 \u2013 VACU\u00d4METRO DIGITAL<\/strong><\/h6>\n<h6><strong>Grupo 1 &#8211; Item 07 \u2013 CONJUNTO FLANGEADOR\u00a0<\/strong><\/h6>\n<h6><strong>Grupo 1 &#8211; Item 08 \u2013 TANQUE RECOLHEDOR DE G\u00c1S<\/strong><\/h6>\n<\/td>\n<\/tr>\n<tr>\n<td width=\"192\"><strong>Quantidade e valor dos itens<\/strong><\/td>\n<td width=\"392\">\n<h6>Item 01 \u2013 Quantidade 1 \u2013 VALOR UNIT\u00c1RIO R$ 15.818,32 &#8211; VALOR TOTAL DO ITEM R$ 15.818,32<\/h6>\n<h6>Item 02 \u2013 Quantidade 3 \u2013 VALOR UNIT\u00c1RIO R$ 240,08 &#8211; VALOR TOTAL DO ITEM R$ 720,24<\/h6>\n<h6>Item 03 \u2013 Quantidade 1 \u2013 VALOR UNIT\u00c1RIO R$ 3.788,81 &#8211; VALOR TOTAL DO ITEM R$ 3.788,81<\/h6>\n<h6>Item 04 \u2013 Quantidade 2 \u2013 VALOR UNIT\u00c1RIO R$ 619,90 &#8211; VALOR TOTAL DO ITEM R$ 1.239,80<\/h6>\n<h6>Item 05 \u2013 Quantidade 2 \u2013 VALOR UNIT\u00c1RIO R$ 1.427,03 &#8211; VALOR TOTAL DO ITEM R$ 2.854,06<\/h6>\n<h6>Item 06 \u2013 Quantidade 2 \u2013 VALOR UNIT\u00c1RIO R$ 968,56 &#8211; VALOR TOTAL DO ITEM R$ 1.937,12<\/h6>\n<h6>Item 07 \u2013 Quantidade 4 \u2013 VALOR UNIT\u00c1RIO R$ 139,90 &#8211; VALOR TOTAL DO ITEM R$ 559,60<\/h6>\n<h6>Item 08 \u2013 Quantidade 6 \u2013 VALOR UNIT\u00c1RIO R$ 585,25 &#8211; VALOR TOTAL DO ITEM R$ 3.511,50<\/h6>\n<\/td>\n<\/tr>\n<tr>\n<td width=\"192\"><strong>Valor total da licita\u00e7\u00e3o<\/strong><\/td>\n<td width=\"392\">R$\u00a0<strong>30.429,45<\/strong><\/td>\n<\/tr>\n<tr>\n<td width=\"192\"><strong>Programa de trabalho<\/strong><\/td>\n<td width=\"392\"><strong>28.845.0903.00NR.0053\u00a0<\/strong><\/td>\n<\/tr>\n<tr>\n<td width=\"192\"><strong>Fonte de recursos<\/strong><\/td>\n<td width=\"392\">0100 FCDF<\/td>\n<\/tr>\n<tr>\n<td width=\"192\"><strong>Unidade or\u00e7ament\u00e1ria<\/strong><\/td>\n<td width=\"392\">CBMDF (24.104)<\/td>\n<\/tr>\n<tr>\n<td width=\"192\"><strong>Natureza de despesa<\/strong><\/td>\n<td width=\"392\">44.90.52<\/td>\n<\/tr>\n<tr>\n<td width=\"192\"><strong>Prazo de entrega\/execu\u00e7\u00e3o<\/strong><\/td>\n<td width=\"392\">45 dias corridos<\/td>\n<\/tr>\n<tr>\n<td width=\"192\"><strong>Vig\u00eancia contratual<\/strong><\/td>\n<td width=\"392\">12 meses<\/td>\n<\/tr>\n<tr>\n<td width=\"192\"><strong>Data da adjudica\u00e7\u00e3o e nome do adjudicado<\/strong><\/td>\n<td width=\"392\">Licita\u00e7\u00e3o fracassou conforme termo de homologa\u00e7\u00e3o do dia 02\/08\/2021<\/td>\n<\/tr>\n<tr>\n<td width=\"192\"><strong>Data da publica\u00e7\u00e3o do edital e n\u00famero do DODF<\/strong><\/td>\n<td width=\"392\">N\u00ba 147, QUINTA-FEIRA, 05 DE AGOSTO DE 2021 (licita\u00e7\u00e3o fracassada)<\/td>\n<\/tr>\n<tr>\n<td width=\"192\"><strong>Data da publica\u00e7\u00e3o da homologa\u00e7\u00e3o e n\u00famero do DODF<\/strong><\/td>\n<td width=\"392\">Publicado em: 05\/08\/2021 | Edi\u00e7\u00e3o: 147 | Se\u00e7\u00e3o: 3 | P\u00e1gina: 227 (fracassada)<\/td>\n<\/tr>\n<\/tbody>\n<\/table>\n<p>&nbsp;<\/p>\n<p><b>DOCUMENTOS DA LICITA\u00c7\u00c3O<\/b><\/p>\n<a  data-e-Disable-Page-Transition=\"true\" class=\"download-link\" title=\"\" href=\"https:\/\/www.cbm.df.gov.br\/lai\/download\/edital-de-pregao-eletronico-no-13-2021-cbmdf\/?tmstv=1777687827\" rel=\"nofollow\" id=\"download-link-5333\" data-redirect=\"false\" >\n\tEdital de Preg\u00e3o Eletr\u00f4nico n\u00ba 13\/2021 - CBMDF\t(541 downloads\t)\n<\/a>\n\n","protected":false},"excerpt":{"rendered":"<p>PE n\u00ba 13\/2021 \u2013 Registro de Pre\u00e7os para eventual aquisi\u00e7\u00e3o de equipamentos e ferramentas\u00a0 para utiliza\u00e7\u00e3o na oficina de manuten\u00e7\u00e3o de ar condicionado automotivo do Centro de Manuten\u00e7\u00e3o de Equipamentos e Viaturas (CEMEV) do CBMDF, conforme especifica\u00e7\u00f5es, quantitativos e condi\u00e7\u00f5es estabelecidos no Termo de Refer\u00eancia constante do Anexo I do Edital. &nbsp; I M P [&hellip;]<\/p>\n","protected":false},"author":1,"featured_media":0,"comment_status":"closed","ping_status":"closed","sticky":false,"template":"","format":"standard","meta":{"_crdt_document":"","ocean_post_layout":"","ocean_both_sidebars_style":"","ocean_both_sidebars_content_width":0,"ocean_both_sidebars_sidebars_width":0,"ocean_sidebar":"0","ocean_second_sidebar":"0","ocean_disable_margins":"enable","ocean_add_body_class":"","ocean_shortcode_before_top_bar":"","ocean_shortcode_after_top_bar":"","ocean_shortcode_before_header":"","ocean_shortcode_after_header":"","ocean_has_shortcode":"","ocean_shortcode_after_title":"","ocean_shortcode_before_footer_widgets":"","ocean_shortcode_after_footer_widgets":"","ocean_shortcode_before_footer_bottom":"","ocean_shortcode_after_footer_bottom":"","ocean_display_top_bar":"default","ocean_display_header":"default","ocean_header_style":"","ocean_center_header_left_menu":"0","ocean_custom_header_template":"0","ocean_custom_logo":0,"ocean_custom_retina_logo":0,"ocean_custom_logo_max_width":0,"ocean_custom_logo_tablet_max_width":0,"ocean_custom_logo_mobile_max_width":0,"ocean_custom_logo_max_height":0,"ocean_custom_logo_tablet_max_height":0,"ocean_custom_logo_mobile_max_height":0,"ocean_header_custom_menu":"0","ocean_menu_typo_font_family":"0","ocean_menu_typo_font_subset":"","ocean_menu_typo_font_size":0,"ocean_menu_typo_font_size_tablet":0,"ocean_menu_typo_font_size_mobile":0,"ocean_menu_typo_font_size_unit":"px","ocean_menu_typo_font_weight":"","ocean_menu_typo_font_weight_tablet":"","ocean_menu_typo_font_weight_mobile":"","ocean_menu_typo_transform":"","ocean_menu_typo_transform_tablet":"","ocean_menu_typo_transform_mobile":"","ocean_menu_typo_line_height":0,"ocean_menu_typo_line_height_tablet":0,"ocean_menu_typo_line_height_mobile":0,"ocean_menu_typo_line_height_unit":"","ocean_menu_typo_spacing":0,"ocean_menu_typo_spacing_tablet":0,"ocean_menu_typo_spacing_mobile":0,"ocean_menu_typo_spacing_unit":"","ocean_menu_link_color":"","ocean_menu_link_color_hover":"","ocean_menu_link_color_active":"","ocean_menu_link_background":"","ocean_menu_link_hover_background":"","ocean_menu_link_active_background":"","ocean_menu_social_links_bg":"","ocean_menu_social_hover_links_bg":"","ocean_menu_social_links_color":"","ocean_menu_social_hover_links_color":"","ocean_disable_title":"default","ocean_disable_heading":"default","ocean_post_title":"","ocean_post_subheading":"","ocean_post_title_style":"","ocean_post_title_background_color":"","ocean_post_title_background":0,"ocean_post_title_bg_image_position":"","ocean_post_title_bg_image_attachment":"","ocean_post_title_bg_image_repeat":"","ocean_post_title_bg_image_size":"","ocean_post_title_height":0,"ocean_post_title_bg_overlay":0.5,"ocean_post_title_bg_overlay_color":"","ocean_disable_breadcrumbs":"default","ocean_breadcrumbs_color":"","ocean_breadcrumbs_separator_color":"","ocean_breadcrumbs_links_color":"","ocean_breadcrumbs_links_hover_color":"","ocean_display_footer_widgets":"default","ocean_display_footer_bottom":"default","ocean_custom_footer_template":"0","ocean_post_oembed":"","ocean_post_self_hosted_media":"","ocean_post_video_embed":"","ocean_link_format":"","ocean_link_format_target":"self","ocean_quote_format":"","ocean_quote_format_link":"post","ocean_gallery_link_images":"off","ocean_gallery_id":[],"footnotes":""},"categories":[17],"tags":[],"class_list":["post-2088","post","type-post","status-publish","format-standard","hentry","category-17","entry"],"_links":{"self":[{"href":"https:\/\/www.cbm.df.gov.br\/lai\/wp-json\/wp\/v2\/posts\/2088","targetHints":{"allow":["GET"]}}],"collection":[{"href":"https:\/\/www.cbm.df.gov.br\/lai\/wp-json\/wp\/v2\/posts"}],"about":[{"href":"https:\/\/www.cbm.df.gov.br\/lai\/wp-json\/wp\/v2\/types\/post"}],"author":[{"embeddable":true,"href":"https:\/\/www.cbm.df.gov.br\/lai\/wp-json\/wp\/v2\/users\/1"}],"replies":[{"embeddable":true,"href":"https:\/\/www.cbm.df.gov.br\/lai\/wp-json\/wp\/v2\/comments?post=2088"}],"version-history":[{"count":8,"href":"https:\/\/www.cbm.df.gov.br\/lai\/wp-json\/wp\/v2\/posts\/2088\/revisions"}],"predecessor-version":[{"id":9259,"href":"https:\/\/www.cbm.df.gov.br\/lai\/wp-json\/wp\/v2\/posts\/2088\/revisions\/9259"}],"wp:attachment":[{"href":"https:\/\/www.cbm.df.gov.br\/lai\/wp-json\/wp\/v2\/media?parent=2088"}],"wp:term":[{"taxonomy":"category","embeddable":true,"href":"https:\/\/www.cbm.df.gov.br\/lai\/wp-json\/wp\/v2\/categories?post=2088"},{"taxonomy":"post_tag","embeddable":true,"href":"https:\/\/www.cbm.df.gov.br\/lai\/wp-json\/wp\/v2\/tags?post=2088"}],"curies":[{"name":"wp","href":"https:\/\/api.w.org\/{rel}","templated":true}]}}