{"id":25545,"date":"2024-09-04T18:00:17","date_gmt":"2024-09-04T21:00:17","guid":{"rendered":"https:\/\/www.cbm.df.gov.br\/lai\/?p=25545"},"modified":"2026-04-17T08:32:13","modified_gmt":"2026-04-17T11:32:13","slug":"plano-plurianual-ppa","status":"publish","type":"post","link":"https:\/\/www.cbm.df.gov.br\/lai\/acoes-e-programas\/plano-plurianual-ppa\/","title":{"rendered":"PLANO PLURIANUAL \u2013 PPA"},"content":{"rendered":"\t\t<div data-elementor-type=\"wp-post\" data-elementor-id=\"25545\" class=\"elementor elementor-25545\" data-elementor-post-type=\"post\">\n\t\t\t\t\t\t<section class=\"elementor-section elementor-top-section elementor-element elementor-element-7ce45ce elementor-section-boxed elementor-section-height-default elementor-section-height-default\" data-id=\"7ce45ce\" data-element_type=\"section\" data-e-type=\"section\">\n\t\t\t\t\t\t<div class=\"elementor-container elementor-column-gap-default\">\n\t\t\t\t\t<div class=\"elementor-column elementor-col-100 elementor-top-column elementor-element elementor-element-2e7114b4\" data-id=\"2e7114b4\" data-element_type=\"column\" data-e-type=\"column\">\n\t\t\t<div class=\"elementor-widget-wrap elementor-element-populated\">\n\t\t\t\t\t\t<div class=\"elementor-element elementor-element-56031305 elementor-widget elementor-widget-text-editor\" data-id=\"56031305\" data-element_type=\"widget\" data-e-type=\"widget\" data-widget_type=\"text-editor.default\">\n\t\t\t\t<div class=\"elementor-widget-container\">\n\t\t\t\t\t\t\t\t\t<p style=\"text-align: left\">O <strong data-start=\"137\" data-end=\"163\">Plano Plurianual (PPA)<\/strong> \u00e9 um instrumento de planejamento governamental previsto no <strong data-start=\"223\" data-end=\"259\">Art. 165 da Constitui\u00e7\u00e3o Federal<\/strong> e nos <strong data-start=\"266\" data-end=\"355\">arts. 149, inciso I, \u00a7\u00a7 1\u00ba e 2\u00ba; 150, \u00a7 1\u00ba; e 166 da Lei Org\u00e2nica do Distrito Federal<\/strong>.&nbsp;<span style=\"font-size: 14px;color: var( --e-global-color-text )\">Ele estabelece<\/span><span style=\"font-size: 14px;color: var( --e-global-color-text )\">&nbsp;as <\/span><strong style=\"font-size: 14px;color: var( --e-global-color-text )\" data-start=\"410\" data-end=\"488\">diretrizes, objetivos e metas da Administra\u00e7\u00e3o P\u00fablica do Distrito Federal<\/strong><span style=\"font-size: 14px;color: var( --e-global-color-text )\">, expressos de forma <\/span><strong style=\"font-size: 14px;color: var( --e-global-color-text )\" data-start=\"509\" data-end=\"550\">quantificada f\u00edsica e financeiramente<\/strong><span style=\"font-size: 14px;color: var( --e-global-color-text )\">, para um per\u00edodo de quatro anos,&nbsp;<\/span><span style=\"font-size: 14px;color: var( --e-global-color-text )\">orientando a atua\u00e7\u00e3o do governo ao longo desse per\u00edodo e serve de base para a <\/span><strong style=\"font-size: 14px;color: var( --e-global-color-text )\" data-start=\"668\" data-end=\"714\">aloca\u00e7\u00e3o de recursos nos or\u00e7amentos anuais<\/strong><span style=\"font-size: 14px;color: var( --e-global-color-text )\">, garantindo que os investimentos p\u00fablicos estejam alinhados com o planejamento estrat\u00e9gico do Distrito Federal.<\/span><\/p><p style=\"text-align: left\"><span style=\"color: var( --e-global-color-text );font-size: 14px;text-align: center\">Com base na Portaria de 23, de 11 de junho de 2017,&nbsp; que&nbsp; &nbsp;aprova&nbsp; a Pol\u00edtica de uso do Sistema Gerenciador de Conte\u00fado no CBMDF,&nbsp; cujo&nbsp; objetivo&nbsp; \u00e9&nbsp; a normatiza\u00e7\u00e3o&nbsp; da forma&nbsp; de publica\u00e7\u00e3o&nbsp; &nbsp; de&nbsp; &nbsp;conte\u00fados&nbsp; &nbsp;no&nbsp; s\u00edtio&nbsp; &nbsp;web&nbsp; da&nbsp; Corpora\u00e7\u00e3o&nbsp; e considerando as&nbsp; obriga\u00e7\u00f5es&nbsp; de manuten\u00e7\u00e3o dos sites institucionais (internet e intranet), como a atualiza\u00e7\u00e3o das informa\u00e7\u00f5es relativas ao Estado-Maior-Geral.<\/span><\/p>\t\t\t\t\t\t\t\t<\/div>\n\t\t\t\t<\/div>\n\t\t\t\t\t<\/div>\n\t\t<\/div>\n\t\t\t\t\t<\/div>\n\t\t<\/section>\n\t\t\t\t<section class=\"elementor-section elementor-top-section elementor-element elementor-element-cbb5bb1 elementor-section-boxed elementor-section-height-default elementor-section-height-default\" data-id=\"cbb5bb1\" data-element_type=\"section\" data-e-type=\"section\">\n\t\t\t\t\t\t<div class=\"elementor-container elementor-column-gap-default\">\n\t\t\t\t\t<div class=\"elementor-column elementor-col-100 elementor-top-column elementor-element elementor-element-2408908\" data-id=\"2408908\" data-element_type=\"column\" data-e-type=\"column\">\n\t\t\t<div class=\"elementor-widget-wrap elementor-element-populated\">\n\t\t\t\t\t\t<div class=\"elementor-element elementor-element-1f9be7e elementor-widget elementor-widget-text-editor\" data-id=\"1f9be7e\" data-element_type=\"widget\" data-e-type=\"widget\" data-widget_type=\"text-editor.default\">\n\t\t\t\t<div class=\"elementor-widget-container\">\n\t\t\t\t\t\t\t\t\t<p style=\"text-align: right\"><span style=\"font-size: 20px;font-weight: 600\">\u00a0<\/span><\/p><h2 class=\"I03_Centralizado_12\" style=\"font-family: Roboto, sans-serif;font-style: normal;text-align: center\"><span style=\"font-size: 20px;font-weight: 600\">\u00a0PLANO PLURIANUAL &#8211; PPA 2024-2027<\/span><\/h2><h2 class=\"I03_Centralizado_12\" style=\"font-family: Roboto, sans-serif;font-style: normal;text-align: center\"><a style=\"font-family: Roboto, sans-serif;font-size: 20px;font-style: normal;font-weight: 600;background-color: #ffffff\" href=\"https:\/\/www.economia.df.gov.br\/ppa\">https:\/\/www.economia.df.gov.br\/ppa<\/a><\/h2>\t\t\t\t\t\t\t\t<\/div>\n\t\t\t\t<\/div>\n\t\t\t\t\t<\/div>\n\t\t<\/div>\n\t\t\t\t\t<\/div>\n\t\t<\/section>\n\t\t\t\t<section class=\"elementor-section elementor-top-section elementor-element elementor-element-7241919 elementor-section-boxed elementor-section-height-default elementor-section-height-default\" data-id=\"7241919\" data-element_type=\"section\" data-e-type=\"section\">\n\t\t\t\t\t\t<div class=\"elementor-container elementor-column-gap-default\">\n\t\t\t\t\t<div class=\"elementor-column elementor-col-100 elementor-top-column elementor-element elementor-element-42e4f07\" data-id=\"42e4f07\" data-element_type=\"column\" data-e-type=\"column\">\n\t\t\t<div class=\"elementor-widget-wrap elementor-element-populated\">\n\t\t\t\t\t\t<div class=\"elementor-element elementor-element-4498192 elementor-widget elementor-widget-toggle\" data-id=\"4498192\" data-element_type=\"widget\" data-e-type=\"widget\" data-widget_type=\"toggle.default\">\n\t\t\t\t<div class=\"elementor-widget-container\">\n\t\t\t\t\t\t\t<div class=\"elementor-toggle\">\n\t\t\t\t\t\t\t<div class=\"elementor-toggle-item\">\n\t\t\t\t\t<div id=\"elementor-tab-title-7191\" class=\"elementor-tab-title\" data-tab=\"1\" role=\"button\" aria-controls=\"elementor-tab-content-7191\" aria-expanded=\"false\">\n\t\t\t\t\t\t\t\t\t\t\t\t<span class=\"elementor-toggle-icon elementor-toggle-icon-left\" aria-hidden=\"true\">\n\t\t\t\t\t\t\t\t\t\t\t\t\t\t\t<span class=\"elementor-toggle-icon-closed\"><i class=\"fas fa-caret-right\"><\/i><\/span>\n\t\t\t\t\t\t\t\t<span class=\"elementor-toggle-icon-opened\"><i class=\"elementor-toggle-icon-opened fas fa-caret-up\"><\/i><\/span>\n\t\t\t\t\t\t\t\t\t\t\t\t\t<\/span>\n\t\t\t\t\t\t\t\t\t\t\t\t<a class=\"elementor-toggle-title\" tabindex=\"0\">UNIDADE OR\u00c7AMENT\u00c1RIA  24104 - CORPO DE BOMBEIROS MILITAR DO DISTRITO FEDERAL<\/a>\n\t\t\t\t\t<\/div>\n\n\t\t\t\t\t<div id=\"elementor-tab-content-7191\" class=\"elementor-tab-content elementor-clearfix\" data-tab=\"1\" role=\"region\" aria-labelledby=\"elementor-tab-title-7191\"><p><a href=\"https:\/\/www.cbm.df.gov.br\/lai\/wp-content\/uploads\/2024\/07\/Distribuicao-do-Teto-entre-as-Acoes-Orcamentarias-24104-2024.pdf\">Distribui\u00e7\u00e3o do Teto entre as A\u00e7\u00f5es Or\u00e7ament\u00e1rias &#8211; 24104 (ANO 2024)<\/a><\/p><p><a href=\"https:\/\/www.cbm.df.gov.br\/lai\/wp-content\/uploads\/2024\/07\/Distribuicao-do-Teto-entre-as-Acoes-Orcamentarias-24104-2025.pdf\">Distribui\u00e7\u00e3o do Teto entre as A\u00e7\u00f5es Or\u00e7ament\u00e1rias &#8211; 24104 (ANO 2025)<\/a><\/p><p><a href=\"https:\/\/www.cbm.df.gov.br\/lai\/wp-content\/uploads\/2024\/07\/Distribuicao-do-Teto-entre-as-Acoes-Orcamentarias-24104-2026.pdf\">Distribui\u00e7\u00e3o do Teto entre as A\u00e7\u00f5es Or\u00e7ament\u00e1rias &#8211; 24104 (ANO 2026)<\/a><\/p><p><a href=\"https:\/\/www.cbm.df.gov.br\/lai\/wp-content\/uploads\/2024\/07\/Distribuicao-do-Teto-entre-as-Acoes-Orcamentarias-24104-2027.pdf\">Distribui\u00e7\u00e3o do Teto entre as A\u00e7\u00f5es Or\u00e7ament\u00e1rias &#8211; 24104 (ANO 2027)<\/a><\/p><\/div>\n\t\t\t\t<\/div>\n\t\t\t\t\t\t\t<div class=\"elementor-toggle-item\">\n\t\t\t\t\t<div id=\"elementor-tab-title-7192\" class=\"elementor-tab-title\" data-tab=\"2\" role=\"button\" aria-controls=\"elementor-tab-content-7192\" aria-expanded=\"false\">\n\t\t\t\t\t\t\t\t\t\t\t\t<span class=\"elementor-toggle-icon elementor-toggle-icon-left\" aria-hidden=\"true\">\n\t\t\t\t\t\t\t\t\t\t\t\t\t\t\t<span class=\"elementor-toggle-icon-closed\"><i class=\"fas fa-caret-right\"><\/i><\/span>\n\t\t\t\t\t\t\t\t<span class=\"elementor-toggle-icon-opened\"><i class=\"elementor-toggle-icon-opened fas fa-caret-up\"><\/i><\/span>\n\t\t\t\t\t\t\t\t\t\t\t\t\t<\/span>\n\t\t\t\t\t\t\t\t\t\t\t\t<a class=\"elementor-toggle-title\" tabindex=\"0\">UNIDADE OR\u00c7AMENT\u00c1RIA 24902 - FUNDO DE SA\u00daDE DO CORPO DE BOMBEIROS MILITAR DO DISTRITO FEDERAL<\/a>\n\t\t\t\t\t<\/div>\n\n\t\t\t\t\t<div id=\"elementor-tab-content-7192\" class=\"elementor-tab-content elementor-clearfix\" data-tab=\"2\" role=\"region\" aria-labelledby=\"elementor-tab-title-7192\"><p><a href=\"https:\/\/www.cbm.df.gov.br\/lai\/wp-content\/uploads\/2024\/07\/Distribuicao-do-Teto-entre-as-Acoes-Orcamentarias-24902-2024.pdf\">Distribui\u00e7\u00e3o do Teto entre as A\u00e7\u00f5es Or\u00e7ament\u00e1rias &#8211; 24902 (ANO 2024)<\/a><\/p><p><a href=\"https:\/\/www.cbm.df.gov.br\/lai\/wp-content\/uploads\/2024\/07\/Distribuicao-do-Teto-entre-as-Acoes-Orcamentarias-24902-2025.pdf\">Distribui\u00e7\u00e3o do Teto entre as A\u00e7\u00f5es Or\u00e7ament\u00e1rias &#8211; 24902 (ANO 2025)<\/a><\/p><p><a href=\"https:\/\/www.cbm.df.gov.br\/lai\/wp-content\/uploads\/2024\/07\/Distribuicao-do-Teto-entre-as-Acoes-Orcamentarias-24902-2026.pdf\">Distribui\u00e7\u00e3o do Teto entre as A\u00e7\u00f5es Or\u00e7ament\u00e1rias &#8211; 24902 (ANO 2026)<\/a><\/p><p><a href=\"https:\/\/www.cbm.df.gov.br\/lai\/wp-content\/uploads\/2024\/07\/Distribuicao-do-Teto-entre-as-Acoes-Orcamentarias-24902-2027.pdf\">Distribui\u00e7\u00e3o do Teto entre as A\u00e7\u00f5es Or\u00e7ament\u00e1rias &#8211; 24902 (ANO 2027)<\/a><\/p><\/div>\n\t\t\t\t<\/div>\n\t\t\t\t\t\t\t<div class=\"elementor-toggle-item\">\n\t\t\t\t\t<div id=\"elementor-tab-title-7193\" class=\"elementor-tab-title\" data-tab=\"3\" role=\"button\" aria-controls=\"elementor-tab-content-7193\" aria-expanded=\"false\">\n\t\t\t\t\t\t\t\t\t\t\t\t<span class=\"elementor-toggle-icon elementor-toggle-icon-left\" aria-hidden=\"true\">\n\t\t\t\t\t\t\t\t\t\t\t\t\t\t\t<span class=\"elementor-toggle-icon-closed\"><i class=\"fas fa-caret-right\"><\/i><\/span>\n\t\t\t\t\t\t\t\t<span class=\"elementor-toggle-icon-opened\"><i class=\"elementor-toggle-icon-opened fas fa-caret-up\"><\/i><\/span>\n\t\t\t\t\t\t\t\t\t\t\t\t\t<\/span>\n\t\t\t\t\t\t\t\t\t\t\t\t<a class=\"elementor-toggle-title\" tabindex=\"0\">UNIDADE OR\u00c7AMENT\u00c1RIA 24905 - FUNDO DE MODERNIZA\u00c7\u00c3O, MANUTEN\u00c7\u00c3O E REEQUIPAMENTO DO CORPO DE BOMBEIROS MILITAR DO DISTRITO FEDERAL<\/a>\n\t\t\t\t\t<\/div>\n\n\t\t\t\t\t<div id=\"elementor-tab-content-7193\" class=\"elementor-tab-content elementor-clearfix\" data-tab=\"3\" role=\"region\" aria-labelledby=\"elementor-tab-title-7193\"><p><a style=\"font-family: Roboto, sans-serif;font-size: 14px;font-style: normal;font-weight: 400;background-color: #ffffff\" href=\"https:\/\/www.cbm.df.gov.br\/lai\/wp-content\/uploads\/2024\/07\/Distribuicao-do-Teto-entre-as-Acoes-Orcamentarias-24905-2024.pdf\">Distribui\u00e7\u00e3o do Teto entre as A\u00e7\u00f5es Or\u00e7ament\u00e1rias &#8211; 24905 (ANO 2024)<\/a><\/p><p><a style=\"font-family: Roboto, sans-serif;font-size: 14px;font-style: normal;font-weight: 400;background-color: #ffffff\" href=\"https:\/\/www.cbm.df.gov.br\/lai\/wp-content\/uploads\/2024\/07\/Distribuicao-do-Teto-entre-as-Acoes-Orcamentarias-24905-2025.pdf\">Distribui\u00e7\u00e3o do Teto entre as A\u00e7\u00f5es Or\u00e7ament\u00e1rias &#8211; 24905 (ANO 2025)<\/a><\/p><p><a style=\"font-family: Roboto, sans-serif;font-size: 14px;font-style: normal;font-weight: 400;background-color: #ffffff\" href=\"https:\/\/www.cbm.df.gov.br\/lai\/wp-content\/uploads\/2024\/07\/Distribuicao-do-Teto-entre-as-Acoes-Orcamentarias-24905-2026.pdf\">Distribui\u00e7\u00e3o do Teto entre as A\u00e7\u00f5es Or\u00e7ament\u00e1rias &#8211; 24905 (ANO 2026)<\/a><\/p><p><a style=\"font-family: Roboto, sans-serif;font-size: 14px;font-style: normal;font-weight: 400;background-color: #ffffff;color: #13aff0\" href=\"https:\/\/www.cbm.df.gov.br\/lai\/wp-content\/uploads\/2024\/07\/Distribuicao-do-Teto-entre-as-Acoes-Orcamentarias-24905-2027.pdf\">Distribui\u00e7\u00e3o do Teto entre as A\u00e7\u00f5es Or\u00e7ament\u00e1rias &#8211; 24905 (ANO 2027)<\/a><\/p><\/div>\n\t\t\t\t<\/div>\n\t\t\t\t\t\t\t\t<\/div>\n\t\t\t\t\t\t<\/div>\n\t\t\t\t<\/div>\n\t\t\t\t\t<\/div>\n\t\t<\/div>\n\t\t\t\t\t<\/div>\n\t\t<\/section>\n\t\t\t\t<section class=\"elementor-section elementor-top-section elementor-element elementor-element-37e5d29 elementor-section-boxed elementor-section-height-default elementor-section-height-default\" data-id=\"37e5d29\" data-element_type=\"section\" data-e-type=\"section\">\n\t\t\t\t\t\t<div class=\"elementor-container elementor-column-gap-default\">\n\t\t\t\t\t<div class=\"elementor-column elementor-col-100 elementor-top-column elementor-element elementor-element-aa00828\" data-id=\"aa00828\" data-element_type=\"column\" data-e-type=\"column\">\n\t\t\t<div class=\"elementor-widget-wrap elementor-element-populated\">\n\t\t\t\t\t\t<div class=\"elementor-element elementor-element-92efb61 elementor-widget elementor-widget-text-editor\" data-id=\"92efb61\" data-element_type=\"widget\" data-e-type=\"widget\" data-widget_type=\"text-editor.default\">\n\t\t\t\t<div class=\"elementor-widget-container\">\n\t\t\t\t\t\t\t\t\t<p><a style=\"font-size: 14px;background-color: #ffffff\" href=\"https:\/\/www.cbm.df.gov.br\/lai\/download\/metas-indicadores-e-acoes-nao-orcamentarias\/?tmstv=1776425488\">METAS, INDICADORES E A\u00c7\u00d5ES N\u00c3O OR\u00c7AMENT\u00c1RIAS<\/a><\/p>\t\t\t\t\t\t\t\t<\/div>\n\t\t\t\t<\/div>\n\t\t\t\t\t<\/div>\n\t\t<\/div>\n\t\t\t\t\t<\/div>\n\t\t<\/section>\n\t\t\t\t<section class=\"elementor-section elementor-top-section elementor-element elementor-element-8215c30 elementor-section-boxed elementor-section-height-default elementor-section-height-default\" data-id=\"8215c30\" data-element_type=\"section\" data-e-type=\"section\">\n\t\t\t\t\t\t<div class=\"elementor-container elementor-column-gap-default\">\n\t\t\t\t\t<div class=\"elementor-column elementor-col-100 elementor-top-column elementor-element elementor-element-c06294c\" data-id=\"c06294c\" data-element_type=\"column\" data-e-type=\"column\">\n\t\t\t<div class=\"elementor-widget-wrap elementor-element-populated\">\n\t\t\t\t\t\t<div class=\"elementor-element elementor-element-906c6da elementor-widget elementor-widget-text-editor\" data-id=\"906c6da\" data-element_type=\"widget\" data-e-type=\"widget\" data-widget_type=\"text-editor.default\">\n\t\t\t\t<div class=\"elementor-widget-container\">\n\t\t\t\t\t\t\t\t\t<h2 style=\"font-family: Roboto, sans-serif;font-style: normal;text-align: center\"><span style=\"font-size: 20px;font-weight: 600\">\u00a0<\/span><\/h2><h2 style=\"font-family: Roboto, sans-serif;font-style: normal;text-align: center\"><span style=\"font-size: 20px;font-weight: 600\">\u00a0<\/span><\/h2><h2 style=\"font-family: Roboto, sans-serif;font-style: normal;text-align: center\"><span style=\"font-size: 20px;font-weight: 600\">PLANO PLURIANUAL &#8211; PPA 2020-2023<\/span><\/h2><div><h2 style=\"font-family: Roboto, sans-serif;font-style: normal;text-align: center\"><span style=\"font-size: 20px;font-weight: 600\"><a style=\"font-size: 20px\" href=\"https:\/\/www.economia.df.gov.br\/plano-plurianual-2020-2023\/\">https:\/\/www.economia.df.gov.br\/plano-plurianual-2020-2023\/<\/a>\u00a0<\/span><\/h2><\/div>\t\t\t\t\t\t\t\t<\/div>\n\t\t\t\t<\/div>\n\t\t\t\t\t<\/div>\n\t\t<\/div>\n\t\t\t\t\t<\/div>\n\t\t<\/section>\n\t\t\t\t<section class=\"elementor-section elementor-top-section elementor-element elementor-element-3c6fdc5 elementor-section-boxed elementor-section-height-default elementor-section-height-default\" data-id=\"3c6fdc5\" data-element_type=\"section\" data-e-type=\"section\">\n\t\t\t\t\t\t<div class=\"elementor-container elementor-column-gap-default\">\n\t\t\t\t\t<div class=\"elementor-column elementor-col-100 elementor-top-column elementor-element elementor-element-fc9474d\" data-id=\"fc9474d\" data-element_type=\"column\" data-e-type=\"column\">\n\t\t\t<div class=\"elementor-widget-wrap elementor-element-populated\">\n\t\t\t\t\t\t<div class=\"elementor-element elementor-element-99c230b elementor-widget elementor-widget-toggle\" data-id=\"99c230b\" data-element_type=\"widget\" data-e-type=\"widget\" data-widget_type=\"toggle.default\">\n\t\t\t\t<div class=\"elementor-widget-container\">\n\t\t\t\t\t\t\t<div class=\"elementor-toggle\">\n\t\t\t\t\t\t\t<div class=\"elementor-toggle-item\">\n\t\t\t\t\t<div id=\"elementor-tab-title-1611\" class=\"elementor-tab-title\" data-tab=\"1\" role=\"button\" aria-controls=\"elementor-tab-content-1611\" aria-expanded=\"false\">\n\t\t\t\t\t\t\t\t\t\t\t\t<span class=\"elementor-toggle-icon elementor-toggle-icon-left\" aria-hidden=\"true\">\n\t\t\t\t\t\t\t\t\t\t\t\t\t\t\t<span class=\"elementor-toggle-icon-closed\"><i class=\"fas fa-caret-right\"><\/i><\/span>\n\t\t\t\t\t\t\t\t<span class=\"elementor-toggle-icon-opened\"><i class=\"elementor-toggle-icon-opened fas fa-caret-up\"><\/i><\/span>\n\t\t\t\t\t\t\t\t\t\t\t\t\t<\/span>\n\t\t\t\t\t\t\t\t\t\t\t\t<a class=\"elementor-toggle-title\" tabindex=\"0\">UNIDADE OR\u00c7AMENT\u00c1RIA  24104 - CORPO DE BOMBEIROS MILITAR DO DISTRITO FEDERAL<\/a>\n\t\t\t\t\t<\/div>\n\n\t\t\t\t\t<div id=\"elementor-tab-content-1611\" class=\"elementor-tab-content elementor-clearfix\" data-tab=\"1\" role=\"region\" aria-labelledby=\"elementor-tab-title-1611\"><p><a href=\"https:\/\/www.cbm.df.gov.br\/lai\/wp-content\/uploads\/2024\/07\/Distribuicao-do-Teto-entre-as-Acoes-Orcamentarias-24104-2020.pdf\">Distribui\u00e7\u00e3o do Teto entre as A\u00e7\u00f5es Or\u00e7ament\u00e1rias &#8211; 24104 (2020)<\/a><\/p><p><a href=\"https:\/\/www.cbm.df.gov.br\/lai\/wp-content\/uploads\/2024\/07\/Distribuicao-do-Teto-entre-as-Acoes-Orcamentarias-24104-2022.pdf\">Distribui\u00e7\u00e3o do Teto entre as A\u00e7\u00f5es Or\u00e7ament\u00e1rias &#8211; 24104 (2022)<\/a><\/p><p><a href=\"https:\/\/www.cbm.df.gov.br\/lai\/wp-content\/uploads\/2024\/07\/Distribuicao-do-Teto-entre-as-Acoes-Orcamentarias-24104-2023.pdf\">Distribui\u00e7\u00e3o do Teto entre as A\u00e7\u00f5es Or\u00e7ament\u00e1rias &#8211; 24104 (2023)<\/a><\/p><\/div>\n\t\t\t\t<\/div>\n\t\t\t\t\t\t\t<div class=\"elementor-toggle-item\">\n\t\t\t\t\t<div id=\"elementor-tab-title-1612\" class=\"elementor-tab-title\" data-tab=\"2\" role=\"button\" aria-controls=\"elementor-tab-content-1612\" aria-expanded=\"false\">\n\t\t\t\t\t\t\t\t\t\t\t\t<span class=\"elementor-toggle-icon elementor-toggle-icon-left\" aria-hidden=\"true\">\n\t\t\t\t\t\t\t\t\t\t\t\t\t\t\t<span class=\"elementor-toggle-icon-closed\"><i class=\"fas fa-caret-right\"><\/i><\/span>\n\t\t\t\t\t\t\t\t<span class=\"elementor-toggle-icon-opened\"><i class=\"elementor-toggle-icon-opened fas fa-caret-up\"><\/i><\/span>\n\t\t\t\t\t\t\t\t\t\t\t\t\t<\/span>\n\t\t\t\t\t\t\t\t\t\t\t\t<a class=\"elementor-toggle-title\" tabindex=\"0\">UNIDADE OR\u00c7AMENT\u00c1RIA 24905 - FUNDO DE MODERNIZA\u00c7\u00c3O, MANUTEN\u00c7\u00c3O E REEQUIPAMENTO DO CORPO DE BOMBEIROS MILITAR DO DISTRITO FEDERAL<\/a>\n\t\t\t\t\t<\/div>\n\n\t\t\t\t\t<div id=\"elementor-tab-content-1612\" class=\"elementor-tab-content elementor-clearfix\" data-tab=\"2\" role=\"region\" aria-labelledby=\"elementor-tab-title-1612\"><p><a href=\"https:\/\/www.cbm.df.gov.br\/lai\/wp-content\/uploads\/2024\/07\/Distribuicao-do-Teto-entre-as-Acoes-Orcamentarias-24905-2020.pdf\">Distribui\u00e7\u00e3o do Teto entre as A\u00e7\u00f5es Or\u00e7ament\u00e1rias &#8211; 24905 (2020)<\/a><\/p><p><a href=\"https:\/\/www.cbm.df.gov.br\/lai\/wp-content\/uploads\/2024\/07\/Distribuicao-do-Teto-entre-as-Acoes-Orcamentarias-24905-2021.pdf\">Distribui\u00e7\u00e3o do Teto entre as A\u00e7\u00f5es Or\u00e7ament\u00e1rias &#8211; 24905 (2021)<\/a><\/p><p><a href=\"https:\/\/www.cbm.df.gov.br\/lai\/wp-content\/uploads\/2024\/07\/Distribuicao-do-Teto-entre-as-Acoes-Orcamentarias-24905-2022.pdf\">Distribui\u00e7\u00e3o do Teto entre as A\u00e7\u00f5es Or\u00e7ament\u00e1rias &#8211; 24905 (2022)<\/a><\/p><p><a href=\"https:\/\/www.cbm.df.gov.br\/lai\/wp-content\/uploads\/2024\/07\/Distribuicao-do-Teto-entre-as-Acoes-Orcamentarias-24905-2023.pdf\">Distribui\u00e7\u00e3o do Teto entre as A\u00e7\u00f5es Or\u00e7ament\u00e1rias &#8211; 24905 (2023)<\/a><\/p><\/div>\n\t\t\t\t<\/div>\n\t\t\t\t\t\t\t\t<\/div>\n\t\t\t\t\t\t<\/div>\n\t\t\t\t<\/div>\n\t\t\t\t\t<\/div>\n\t\t<\/div>\n\t\t\t\t\t<\/div>\n\t\t<\/section>\n\t\t\t\t<section class=\"elementor-section elementor-top-section elementor-element elementor-element-2798282 elementor-section-boxed elementor-section-height-default elementor-section-height-default\" data-id=\"2798282\" data-element_type=\"section\" data-e-type=\"section\">\n\t\t\t\t\t\t<div class=\"elementor-container elementor-column-gap-default\">\n\t\t\t\t\t<div class=\"elementor-column elementor-col-100 elementor-top-column elementor-element elementor-element-2229e49\" data-id=\"2229e49\" data-element_type=\"column\" data-e-type=\"column\">\n\t\t\t<div class=\"elementor-widget-wrap elementor-element-populated\">\n\t\t\t\t\t\t<div class=\"elementor-element elementor-element-3907867 elementor-widget elementor-widget-text-editor\" data-id=\"3907867\" data-element_type=\"widget\" data-e-type=\"widget\" data-widget_type=\"text-editor.default\">\n\t\t\t\t<div class=\"elementor-widget-container\">\n\t\t\t\t\t\t\t\t\t<p>&nbsp; &nbsp;<a href=\"https:\/\/www.cbm.df.gov.br\/lai\/wp-content\/uploads\/2024\/07\/METAS-INDICADORES-E-ACOES-NAO-ORCAMENTARIAS-1.pdf\">METAS, INDICADORES E A\u00c7\u00d5ES N\u00c3O OR\u00c7AMENT\u00c1RIAS<\/a><\/p>\t\t\t\t\t\t\t\t<\/div>\n\t\t\t\t<\/div>\n\t\t\t\t\t<\/div>\n\t\t<\/div>\n\t\t\t\t\t<\/div>\n\t\t<\/section>\n\t\t\t\t<section class=\"elementor-section elementor-top-section elementor-element elementor-element-f1c2282 elementor-section-boxed elementor-section-height-default elementor-section-height-default\" data-id=\"f1c2282\" data-element_type=\"section\" data-e-type=\"section\">\n\t\t\t\t\t\t<div class=\"elementor-container elementor-column-gap-default\">\n\t\t\t\t\t<div class=\"elementor-column elementor-col-100 elementor-top-column elementor-element elementor-element-816dcd9\" data-id=\"816dcd9\" data-element_type=\"column\" data-e-type=\"column\">\n\t\t\t<div class=\"elementor-widget-wrap elementor-element-populated\">\n\t\t\t\t\t\t<div class=\"elementor-element elementor-element-142592d elementor-widget elementor-widget-text-editor\" data-id=\"142592d\" data-element_type=\"widget\" data-e-type=\"widget\" data-widget_type=\"text-editor.default\">\n\t\t\t\t<div class=\"elementor-widget-container\">\n\t\t\t\t\t\t\t\t\t<p><span style=\"font-size: 20px;font-weight: 600\">&nbsp;<\/span><\/p>\n<h2 style=\"font-family: Roboto, sans-serif;font-style: normal;text-align: center\"><span style=\"font-size: 20px;font-weight: 600\">PLANO PLURIANUAL &#8211; PPAs anteriores<\/span><\/h2>\n<ul>\n<li>P\u00e1gina PPA GDF:&nbsp;<a href=\"https:\/\/economia.df.gov.br\/pt\/ppa\">https:\/\/economia.df.gov.br\/pt\/ppa<\/a><\/li>\n<li>PPA 2004 &#8211; 2007:&nbsp;<a href=\"https:\/\/www.economia.df.gov.br\/plano-plurianual-2004-2007\">https:\/\/www.economia.df.gov.br\/plano-plurianual-2004-2007<\/a><\/li>\n<li>PPA 2008 &#8211; 2011:&nbsp;<a href=\"https:\/\/www.economia.df.gov.br\/plano-plurianual-2008-2011\">https:\/\/www.economia.df.gov.br\/plano-plurianual-2008-2011<\/a><\/li>\n<li>PPA 2012 &#8211; 2015:&nbsp;<a href=\"https:\/\/www.economia.df.gov.br\/plano-plurianual-2012-2015\">https:\/\/www.economia.df.gov.br\/plano-plurianual-2012-2015<\/a><\/li>\n<li>PPA 2016 &#8211; 2019:&nbsp;<a href=\"https:\/\/www.economia.df.gov.br\/lei-inicial-do-ppa-2016-2019\">https:\/\/www.economia.df.gov.br\/lei-inicial-do-ppa-2016-2019<\/a><\/li>\n<\/ul>\n<div><span style=\"font-size: 20px\"><b>&nbsp;&nbsp;<\/b><\/span><\/div>\t\t\t\t\t\t\t\t<\/div>\n\t\t\t\t<\/div>\n\t\t\t\t\t<\/div>\n\t\t<\/div>\n\t\t\t\t\t<\/div>\n\t\t<\/section>\n\t\t\t\t<\/div>\n\t\t","protected":false},"excerpt":{"rendered":"<p>O Plano Plurianual (PPA) \u00e9 um instrumento de planejamento governamental previsto no Art. 165 da Constitui\u00e7\u00e3o Federal e nos arts. 149, inciso I, \u00a7\u00a7 1\u00ba e 2\u00ba; 150, \u00a7 1\u00ba; e 166 da Lei Org\u00e2nica do Distrito Federal.&nbsp;Ele estabelece&nbsp;as diretrizes, objetivos e metas da Administra\u00e7\u00e3o P\u00fablica do Distrito Federal, expressos de forma quantificada f\u00edsica e [&hellip;]<\/p>\n","protected":false},"author":131,"featured_media":0,"comment_status":"closed","ping_status":"closed","sticky":false,"template":"","format":"standard","meta":{"_crdt_document":"","ocean_post_layout":"","ocean_both_sidebars_style":"","ocean_both_sidebars_content_width":0,"ocean_both_sidebars_sidebars_width":0,"ocean_sidebar":"0","ocean_second_sidebar":"0","ocean_disable_margins":"enable","ocean_add_body_class":"","ocean_shortcode_before_top_bar":"","ocean_shortcode_after_top_bar":"","ocean_shortcode_before_header":"","ocean_shortcode_after_header":"","ocean_has_shortcode":"","ocean_shortcode_after_title":"","ocean_shortcode_before_footer_widgets":"","ocean_shortcode_after_footer_widgets":"","ocean_shortcode_before_footer_bottom":"","ocean_shortcode_after_footer_bottom":"","ocean_display_top_bar":"default","ocean_display_header":"default","ocean_header_style":"","ocean_center_header_left_menu":"0","ocean_custom_header_template":"0","ocean_custom_logo":0,"ocean_custom_retina_logo":0,"ocean_custom_logo_max_width":0,"ocean_custom_logo_tablet_max_width":0,"ocean_custom_logo_mobile_max_width":0,"ocean_custom_logo_max_height":0,"ocean_custom_logo_tablet_max_height":0,"ocean_custom_logo_mobile_max_height":0,"ocean_header_custom_menu":"0","ocean_menu_typo_font_family":"0","ocean_menu_typo_font_subset":"","ocean_menu_typo_font_size":0,"ocean_menu_typo_font_size_tablet":0,"ocean_menu_typo_font_size_mobile":0,"ocean_menu_typo_font_size_unit":"px","ocean_menu_typo_font_weight":"","ocean_menu_typo_font_weight_tablet":"","ocean_menu_typo_font_weight_mobile":"","ocean_menu_typo_transform":"","ocean_menu_typo_transform_tablet":"","ocean_menu_typo_transform_mobile":"","ocean_menu_typo_line_height":0,"ocean_menu_typo_line_height_tablet":0,"ocean_menu_typo_line_height_mobile":0,"ocean_menu_typo_line_height_unit":"","ocean_menu_typo_spacing":0,"ocean_menu_typo_spacing_tablet":0,"ocean_menu_typo_spacing_mobile":0,"ocean_menu_typo_spacing_unit":"","ocean_menu_link_color":"","ocean_menu_link_color_hover":"","ocean_menu_link_color_active":"","ocean_menu_link_background":"","ocean_menu_link_hover_background":"","ocean_menu_link_active_background":"","ocean_menu_social_links_bg":"","ocean_menu_social_hover_links_bg":"","ocean_menu_social_links_color":"","ocean_menu_social_hover_links_color":"","ocean_disable_title":"default","ocean_disable_heading":"default","ocean_post_title":"","ocean_post_subheading":"","ocean_post_title_style":"","ocean_post_title_background_color":"","ocean_post_title_background":0,"ocean_post_title_bg_image_position":"","ocean_post_title_bg_image_attachment":"","ocean_post_title_bg_image_repeat":"","ocean_post_title_bg_image_size":"","ocean_post_title_height":0,"ocean_post_title_bg_overlay":0.5,"ocean_post_title_bg_overlay_color":"","ocean_disable_breadcrumbs":"default","ocean_breadcrumbs_color":"","ocean_breadcrumbs_separator_color":"","ocean_breadcrumbs_links_color":"","ocean_breadcrumbs_links_hover_color":"","ocean_display_footer_widgets":"default","ocean_display_footer_bottom":"default","ocean_custom_footer_template":"0","ocean_post_oembed":"","ocean_post_self_hosted_media":"","ocean_post_video_embed":"","ocean_link_format":"","ocean_link_format_target":"self","ocean_quote_format":"","ocean_quote_format_link":"post","ocean_gallery_link_images":"off","ocean_gallery_id":[],"footnotes":""},"categories":[2],"tags":[],"class_list":["post-25545","post","type-post","status-publish","format-standard","hentry","category-acoes-e-programas","entry"],"_links":{"self":[{"href":"https:\/\/www.cbm.df.gov.br\/lai\/wp-json\/wp\/v2\/posts\/25545","targetHints":{"allow":["GET"]}}],"collection":[{"href":"https:\/\/www.cbm.df.gov.br\/lai\/wp-json\/wp\/v2\/posts"}],"about":[{"href":"https:\/\/www.cbm.df.gov.br\/lai\/wp-json\/wp\/v2\/types\/post"}],"author":[{"embeddable":true,"href":"https:\/\/www.cbm.df.gov.br\/lai\/wp-json\/wp\/v2\/users\/131"}],"replies":[{"embeddable":true,"href":"https:\/\/www.cbm.df.gov.br\/lai\/wp-json\/wp\/v2\/comments?post=25545"}],"version-history":[{"count":78,"href":"https:\/\/www.cbm.df.gov.br\/lai\/wp-json\/wp\/v2\/posts\/25545\/revisions"}],"predecessor-version":[{"id":40429,"href":"https:\/\/www.cbm.df.gov.br\/lai\/wp-json\/wp\/v2\/posts\/25545\/revisions\/40429"}],"wp:attachment":[{"href":"https:\/\/www.cbm.df.gov.br\/lai\/wp-json\/wp\/v2\/media?parent=25545"}],"wp:term":[{"taxonomy":"category","embeddable":true,"href":"https:\/\/www.cbm.df.gov.br\/lai\/wp-json\/wp\/v2\/categories?post=25545"},{"taxonomy":"post_tag","embeddable":true,"href":"https:\/\/www.cbm.df.gov.br\/lai\/wp-json\/wp\/v2\/tags?post=25545"}],"curies":[{"name":"wp","href":"https:\/\/api.w.org\/{rel}","templated":true}]}}