{"id":3446,"date":"2021-04-15T18:28:26","date_gmt":"2021-04-15T21:28:26","guid":{"rendered":"https:\/\/www.cbm.df.gov.br\/lai\/?p=3446"},"modified":"2024-01-17T15:33:30","modified_gmt":"2024-01-17T18:33:30","slug":"pe-no-40-2021-aquisicao-de-medalhas-pastas-e-diplomas","status":"publish","type":"post","link":"https:\/\/www.cbm.df.gov.br\/lai\/licitacoes\/2021\/pe-no-40-2021-aquisicao-de-medalhas-pastas-e-diplomas\/","title":{"rendered":"PE n\u00ba 40-2021 &#8211; Aquisi\u00e7\u00e3o de medalhas, pastas e diplomas."},"content":{"rendered":"<p><strong>PE n\u00ba 40\/2021 \u2013 Aquisi\u00e7\u00e3o de conjuntos\u00a0de medalha,\u00a0pastas para acomoda\u00e7\u00e3o de diplomas e\u00a0sacolas\u00a0necess\u00e1rios ao agraciamento das personalidades condecoradas com as Comendas:\u00a0Ordem do M\u00e9rito Bombeiro Militar do Distrito Federal \u201cImperador Dom Pedro II\u201d conforme especifica\u00e7\u00f5es, quantitativos\u00a0e condi\u00e7\u00f5es estabelecidos neste\u00a0Termo de Refer\u00eancia.<\/strong><\/p>\n<p><strong>SENHORES LICITANTES, TENHAM O DEVIDO ZELO QUANTO AO CADASTRAMENTO DOS DADOS REFERENTES \u00c0S SUAS PROPOSTAS NO SISTEMA COMPRASGOVERNAMENTAIS, EM ESPECIAL, QUANTO AO FABRICANTE, A MARCA E O MODELO DO PRODUTO OFERTADO.<\/strong><\/p>\n<p><strong>REMEMORO QUE AS EMPRESAS EST\u00c3O ESTRITAMENTE VINCULADAS \u00c0 PROPOSTA. A MODIFICA\u00c7\u00c3O DE MARCA E MODELO INFORMADOS NA PROPOSTA INICIAL, CADASTRADA ANTES DA ETAPA COMPETITIVA, \u00c9 VEDADA PELA LEGISLA\u00c7\u00c3O, ISTO \u00c9, A PROPOSTA N\u00c3O PODER\u00c1 SER ALTERADA EM SEU TEOR DURANTE O CERTAME LICITAT\u00d3RIO.<\/strong><\/p>\n<p><strong>AQUELE QUE ALTERAR O CONTE\u00daDO DE SUA PROPOSTA TER\u00c1 A MESMA DESCLASSIFICADA.<\/strong><\/p>\n<p><strong>\u00a0<\/strong><\/p>\n<p><strong>I M P O R T A N T E<\/strong><\/p>\n<p><strong>\u00a0<\/strong><\/p>\n<p><strong>PEDIDOS DE ESCLARECIMENTO AT\u00c9: 18:00 horas do dia 28\/04\/2021.<\/strong><\/p>\n<p><strong>PEDIDOS DE IMPUGNA\u00c7\u00c3O AT\u00c9: 18:00 horas do dia 28\/04\/2021.<\/strong><\/p>\n<p><strong>RECEBIMENTO DAS PROPOSTAS AT\u00c9: 13:30 horas do dia 03\/05\/2021.<\/strong><\/p>\n<p><strong>ABERTURA DAS PROPOSTAS \u00c0S: 13:30 horas do dia 03\/05\/2021.<\/strong><\/p>\n<p><strong>IN\u00cdCIO DA SESS\u00c3O DE DISPUTA DE PRE\u00c7OS \u00c0S: 14:00 horas do dia 03\/05\/2021.<\/strong><\/p>\n<p><strong>\u00a0<\/strong><\/p>\n<table width=\"0\">\n<tbody>\n<tr>\n<td colspan=\"2\" width=\"584\"><strong>DADOS DA LICITA\u00c7\u00c3O (IN n\u00ba 02\/2015 \u2013 CGDF)<\/strong><\/td>\n<\/tr>\n<tr>\n<td width=\"192\"><strong>PE n\u00ba<\/strong><\/td>\n<td width=\"392\">40\/2021-CBMDF<\/td>\n<\/tr>\n<tr>\n<td width=\"192\"><strong>N\u00famero do processo<\/strong><\/td>\n<td width=\"392\"><strong>00053-000<\/strong><strong>6<\/strong><strong>1<\/strong><strong>266<\/strong><strong>\/2020-10<\/strong><\/td>\n<\/tr>\n<tr>\n<td width=\"192\"><strong>Tipo de licita\u00e7\u00e3o<\/strong><\/td>\n<td width=\"392\">Menor pre\u00e7o<\/td>\n<\/tr>\n<tr>\n<td width=\"192\"><strong>Objeto da licita\u00e7\u00e3o<\/strong><\/td>\n<td width=\"392\"><strong>Aquisi\u00e7\u00e3o de conjuntos\u00a0de medalha,\u00a0pastas para acomoda\u00e7\u00e3o de diplomas e\u00a0sacolas\u00a0necess\u00e1rios ao agraciamento das personalidades condecoradas com as Comendas:\u00a0Ordem do M\u00e9rito Bombeiro Militar do Distrito Federal \u201cImperador Dom Pedro II\u201d conforme especifica\u00e7\u00f5es, quantitativos\u00a0e condi\u00e7\u00f5es estabelecidos neste\u00a0Termo de Refer\u00eancia.<\/strong><\/td>\n<\/tr>\n<tr>\n<td width=\"192\"><strong>Descri\u00e7\u00e3o e n\u00famero de grupos\/itens<\/strong><\/p>\n<p><strong>\u00a0(Total de grupos: 2. Total de itens: 7)<\/strong><\/td>\n<td width=\"392\">GRUPO 1<\/p>\n<p>01 \u2013 Conjuntos de medalha para o grau comendador<\/p>\n<p>02 \u2013 Conjuntos de medalha para o grau oficial masculino<\/p>\n<p>03 \u2013\u00a0 Conjuntos de medalhas grau oficial feminino<\/p>\n<p>04 \u2013\u00a0 Conjuntos de medalhas grau cavaleiro masculino<\/p>\n<p>05 \u2013 Conjuntos de medalhas grau cavaleiro feminino<\/p>\n<p>GRUPO 2<\/p>\n<p>06 \u2013 PASTA\u00a0PORTA DIPLOMA &#8220;IMPERADOR DOM PEDRO ll&#8221;<\/p>\n<p>07 \u2013 Sacola de Papel<\/p>\n<p><strong>\u00a0<\/strong><\/td>\n<\/tr>\n<tr>\n<td width=\"192\"><strong>Quantidade e valor dos itens<\/strong><\/td>\n<td width=\"392\">Item 01 \u2013 Quantidade 50 &#8211; R$ 6.900,00<\/p>\n<p>Item 02 \u2013 Quantidade 150 &#8211; R$ 20.850,00<\/p>\n<p>Item 03 \u2013 Quantidade 50 &#8211; R$ 6.950,00<\/p>\n<p>Item 04 \u2013 Quantidade 200 &#8211; R$ 27.800,00<\/p>\n<p>Item 05 \u2013 Quantidade 50 &#8211; R$ 8.000,00<\/p>\n<p>Item 06 \u2013 Quantidade 450 &#8211; R$ 42.151,50<\/p>\n<p>Item 07 \u2013 Quantidade 450 &#8211; R$ 4.050,00<\/td>\n<\/tr>\n<tr>\n<td width=\"192\"><strong>Valor total da licita\u00e7\u00e3o<\/strong><\/td>\n<td width=\"392\">R$ 116.701,50<\/td>\n<\/tr>\n<tr>\n<td width=\"192\"><strong>Programa de trabalho<\/strong><\/td>\n<td width=\"392\"><strong>28.845.0903.00NR.0053\u00a0<\/strong><\/td>\n<\/tr>\n<tr>\n<td width=\"192\"><strong>Fonte de recursos<\/strong><\/td>\n<td width=\"392\">0100 FCDF<\/td>\n<\/tr>\n<tr>\n<td width=\"192\"><strong>Unidade or\u00e7ament\u00e1ria<\/strong><\/td>\n<td width=\"392\">CBMDF (24.104)<\/td>\n<\/tr>\n<tr>\n<td width=\"192\"><strong>Natureza de despesa<\/strong><\/td>\n<td width=\"392\">33.90.31 &#8211; 05<\/td>\n<\/tr>\n<tr>\n<td width=\"192\"><strong>Prazo de entrega\/execu\u00e7\u00e3o<\/strong><\/td>\n<td width=\"392\">20 dias corridos contados da data de aprova\u00e7\u00e3o do prot\u00f3tipo<\/td>\n<\/tr>\n<tr>\n<td width=\"192\"><strong>Vig\u00eancia contratual<\/strong><\/td>\n<td width=\"392\">12 meses<\/td>\n<\/tr>\n<tr>\n<td width=\"192\"><strong>Data da adjudica\u00e7\u00e3o e nome do adjudicado<\/strong><\/td>\n<td width=\"392\">\u00c0s 17:17 horas do dia 03 de maio de 2021, ap\u00f3s analisado o resultado do Preg\u00e3o n\u00ba 00040\/2021, referente ao Processo n\u00ba 05300061266\/20-10, o pregoeiro, Sr(a) Ten-Cel. RRm FRANKNEI DE OLIVEIRA RODRIGUES, ADJUDICA aos licitantes<br \/>\nvencedores os respectivos itens<\/td>\n<\/tr>\n<tr>\n<td width=\"192\"><strong>Data da publica\u00e7\u00e3o do edital e n\u00famero do DODF<\/strong><\/td>\n<td width=\"392\">19\/04\/2021 &#8211; DODF n\u00ba 72<\/td>\n<\/tr>\n<tr>\n<td width=\"192\"><strong>Data da publica\u00e7\u00e3o da homologa\u00e7\u00e3o e n\u00famero do DODF<\/strong><\/td>\n<td width=\"392\">05\/05\/2021 &#8211; DODF n\u00ba 83<\/td>\n<\/tr>\n<\/tbody>\n<\/table>\n<p>&nbsp;<\/p>\n<p>&nbsp;<\/p>\n<a  data-e-Disable-Page-Transition=\"true\" class=\"download-link\" title=\"\" href=\"https:\/\/www.cbm.df.gov.br\/lai\/download\/edital-de-pregao-eletronico-no-40-2021-cbmdf-e-anexos-da-medalha\/?tmstv=1777687871\" rel=\"nofollow\" id=\"download-link-3477\" data-redirect=\"false\" >\n\tEdital de Preg\u00e3o Eletr\u00f4nico n\u00ba 40\/2021 - CBMDF e Anexos da Medalha\t(1274 downloads\t)\n<\/a>\n\n<p>&nbsp;<\/p>\n","protected":false},"excerpt":{"rendered":"<p>PE n\u00ba 40\/2021 \u2013 Aquisi\u00e7\u00e3o de conjuntos\u00a0de medalha,\u00a0pastas para acomoda\u00e7\u00e3o de diplomas e\u00a0sacolas\u00a0necess\u00e1rios ao agraciamento das personalidades condecoradas com as Comendas:\u00a0Ordem do M\u00e9rito Bombeiro Militar do Distrito Federal \u201cImperador Dom Pedro II\u201d conforme especifica\u00e7\u00f5es, quantitativos\u00a0e condi\u00e7\u00f5es estabelecidos neste\u00a0Termo de Refer\u00eancia. SENHORES LICITANTES, TENHAM O DEVIDO ZELO QUANTO AO CADASTRAMENTO DOS DADOS REFERENTES \u00c0S SUAS PROPOSTAS [&hellip;]<\/p>\n","protected":false},"author":14,"featured_media":0,"comment_status":"closed","ping_status":"closed","sticky":false,"template":"","format":"standard","meta":{"_crdt_document":"","ocean_post_layout":"","ocean_both_sidebars_style":"","ocean_both_sidebars_content_width":0,"ocean_both_sidebars_sidebars_width":0,"ocean_sidebar":"","ocean_second_sidebar":"","ocean_disable_margins":"enable","ocean_add_body_class":"","ocean_shortcode_before_top_bar":"","ocean_shortcode_after_top_bar":"","ocean_shortcode_before_header":"","ocean_shortcode_after_header":"","ocean_has_shortcode":"","ocean_shortcode_after_title":"","ocean_shortcode_before_footer_widgets":"","ocean_shortcode_after_footer_widgets":"","ocean_shortcode_before_footer_bottom":"","ocean_shortcode_after_footer_bottom":"","ocean_display_top_bar":"default","ocean_display_header":"default","ocean_header_style":"","ocean_center_header_left_menu":"","ocean_custom_header_template":"","ocean_custom_logo":0,"ocean_custom_retina_logo":0,"ocean_custom_logo_max_width":0,"ocean_custom_logo_tablet_max_width":0,"ocean_custom_logo_mobile_max_width":0,"ocean_custom_logo_max_height":0,"ocean_custom_logo_tablet_max_height":0,"ocean_custom_logo_mobile_max_height":0,"ocean_header_custom_menu":"","ocean_menu_typo_font_family":"","ocean_menu_typo_font_subset":"","ocean_menu_typo_font_size":0,"ocean_menu_typo_font_size_tablet":0,"ocean_menu_typo_font_size_mobile":0,"ocean_menu_typo_font_size_unit":"px","ocean_menu_typo_font_weight":"","ocean_menu_typo_font_weight_tablet":"","ocean_menu_typo_font_weight_mobile":"","ocean_menu_typo_transform":"","ocean_menu_typo_transform_tablet":"","ocean_menu_typo_transform_mobile":"","ocean_menu_typo_line_height":0,"ocean_menu_typo_line_height_tablet":0,"ocean_menu_typo_line_height_mobile":0,"ocean_menu_typo_line_height_unit":"","ocean_menu_typo_spacing":0,"ocean_menu_typo_spacing_tablet":0,"ocean_menu_typo_spacing_mobile":0,"ocean_menu_typo_spacing_unit":"","ocean_menu_link_color":"","ocean_menu_link_color_hover":"","ocean_menu_link_color_active":"","ocean_menu_link_background":"","ocean_menu_link_hover_background":"","ocean_menu_link_active_background":"","ocean_menu_social_links_bg":"","ocean_menu_social_hover_links_bg":"","ocean_menu_social_links_color":"","ocean_menu_social_hover_links_color":"","ocean_disable_title":"default","ocean_disable_heading":"default","ocean_post_title":"","ocean_post_subheading":"","ocean_post_title_style":"","ocean_post_title_background_color":"","ocean_post_title_background":0,"ocean_post_title_bg_image_position":"","ocean_post_title_bg_image_attachment":"","ocean_post_title_bg_image_repeat":"","ocean_post_title_bg_image_size":"","ocean_post_title_height":0,"ocean_post_title_bg_overlay":0.5,"ocean_post_title_bg_overlay_color":"","ocean_disable_breadcrumbs":"default","ocean_breadcrumbs_color":"","ocean_breadcrumbs_separator_color":"","ocean_breadcrumbs_links_color":"","ocean_breadcrumbs_links_hover_color":"","ocean_display_footer_widgets":"default","ocean_display_footer_bottom":"default","ocean_custom_footer_template":"","ocean_post_oembed":"","ocean_post_self_hosted_media":"","ocean_post_video_embed":"","ocean_link_format":"","ocean_link_format_target":"self","ocean_quote_format":"","ocean_quote_format_link":"post","ocean_gallery_link_images":"off","ocean_gallery_id":[],"footnotes":""},"categories":[17],"tags":[],"class_list":["post-3446","post","type-post","status-publish","format-standard","hentry","category-17","entry"],"_links":{"self":[{"href":"https:\/\/www.cbm.df.gov.br\/lai\/wp-json\/wp\/v2\/posts\/3446","targetHints":{"allow":["GET"]}}],"collection":[{"href":"https:\/\/www.cbm.df.gov.br\/lai\/wp-json\/wp\/v2\/posts"}],"about":[{"href":"https:\/\/www.cbm.df.gov.br\/lai\/wp-json\/wp\/v2\/types\/post"}],"author":[{"embeddable":true,"href":"https:\/\/www.cbm.df.gov.br\/lai\/wp-json\/wp\/v2\/users\/14"}],"replies":[{"embeddable":true,"href":"https:\/\/www.cbm.df.gov.br\/lai\/wp-json\/wp\/v2\/comments?post=3446"}],"version-history":[{"count":4,"href":"https:\/\/www.cbm.df.gov.br\/lai\/wp-json\/wp\/v2\/posts\/3446\/revisions"}],"predecessor-version":[{"id":5147,"href":"https:\/\/www.cbm.df.gov.br\/lai\/wp-json\/wp\/v2\/posts\/3446\/revisions\/5147"}],"wp:attachment":[{"href":"https:\/\/www.cbm.df.gov.br\/lai\/wp-json\/wp\/v2\/media?parent=3446"}],"wp:term":[{"taxonomy":"category","embeddable":true,"href":"https:\/\/www.cbm.df.gov.br\/lai\/wp-json\/wp\/v2\/categories?post=3446"},{"taxonomy":"post_tag","embeddable":true,"href":"https:\/\/www.cbm.df.gov.br\/lai\/wp-json\/wp\/v2\/tags?post=3446"}],"curies":[{"name":"wp","href":"https:\/\/api.w.org\/{rel}","templated":true}]}}