{"id":4001,"date":"2021-05-20T15:06:53","date_gmt":"2021-05-20T18:06:53","guid":{"rendered":"https:\/\/www.cbm.df.gov.br\/lai\/?p=4001"},"modified":"2024-01-17T15:33:29","modified_gmt":"2024-01-17T18:33:29","slug":"pe-no-57-2021-cont-de-empresa-p-op-e-manut-prev-e-corretiva-equip-climatizacao-podon-e-pomed","status":"publish","type":"post","link":"https:\/\/www.cbm.df.gov.br\/lai\/licitacoes\/2021\/pe-no-57-2021-cont-de-empresa-p-op-e-manut-prev-e-corretiva-equip-climatizacao-podon-e-pomed\/","title":{"rendered":"PE n\u00ba 57-2021 &#8211; Cont. de empresa p op. e manut. prev. e corretiva equip. climatiza\u00e7\u00e3o PODON e POMED"},"content":{"rendered":"<p><strong>PE n\u00ba 57\/2021 \u2013<\/strong> <strong>Contrata\u00e7\u00e3o de empresa para execu\u00e7\u00e3o de servi\u00e7o cont\u00ednuo comum de opera\u00e7\u00e3o e manuten\u00e7\u00e3o preventiva e corretiva nos equipamentos de climatiza\u00e7\u00e3o instalados na Policl\u00ednica M\u00e9dica (POMED) e Policl\u00ednica Odontol\u00f3gica (PODON) do CBMDF, com o fornecimento de m\u00e3o de obra, reposi\u00e7\u00e3o de pe\u00e7as, componentes e acess\u00f3rios necess\u00e1rios ao perfeito funcionamento dos equipamentos, conforme especifica\u00e7\u00f5es, quantitativos e condi\u00e7\u00f5es estabelecidos no Termo de Refer\u00eancia constante do Anexo I ao Edital.<\/strong><strong>\u00a0<\/strong><\/p>\n<p><strong>\u00a0<\/strong><\/p>\n<p style=\"text-align: center\"><strong>I M P O R T A N T E<\/strong><\/p>\n<p><strong>\u00a0<\/strong><\/p>\n<p><strong>PEDIDOS DE ESCLARECIMENTO AT\u00c9: 18:00 horas do dia 16\/08\/2021.<\/strong><\/p>\n<p><strong>PEDIDOS DE IMPUGNA\u00c7\u00c3O AT\u00c9: 18:00 horas do dia 16\/08\/2021.<\/strong><\/p>\n<p><strong>RECEBIMENTO DAS PROPOSTAS AT\u00c9: 13:30 horas do dia 19\/08\/2021.<\/strong><\/p>\n<p><strong>ABERTURA DAS PROPOSTAS \u00c0S: 13:30 horas do dia 19\/08\/2021.<\/strong><\/p>\n<p><strong>IN\u00cdCIO DA SESS\u00c3O DE DISPUTA DE PRE\u00c7OS \u00c0S: 14:00 horas do dia 19\/08\/2021.<\/strong><\/p>\n<p style=\"text-align: center\"><strong>\u00a0<\/strong><strong>DADOS DA LICITA\u00c7\u00c3O (IN n\u00ba 02\/2015 \u2013 CGDF)<\/strong><\/p>\n<p style=\"text-align: center\">CBMDF \u2013 C\u00f3digo UASG n\u00ba 170394 \u2013 Atualizado em 05\/08\/2021<\/p>\n<p>&nbsp;<\/p>\n<table width=\"0\">\n<tbody>\n<tr>\n<td width=\"192\"><strong>PE n\u00ba<\/strong><\/td>\n<td width=\"392\">57\/2021-CBMDF<\/td>\n<\/tr>\n<tr>\n<td width=\"192\"><strong>N\u00famero do processo SEI<\/strong><\/td>\n<td width=\"392\"><strong>\u00a0<\/strong><strong>00053-00082079\/2021-51<\/strong><\/td>\n<\/tr>\n<tr>\n<td width=\"192\"><strong>Tipo de licita\u00e7\u00e3o<\/strong><\/td>\n<td width=\"392\">Menor pre\u00e7o<\/td>\n<\/tr>\n<tr>\n<td width=\"192\"><strong>Objeto da licita\u00e7\u00e3o<\/strong><\/td>\n<td width=\"392\"><strong>Contrata\u00e7\u00e3o de empresa para execu\u00e7\u00e3o de servi\u00e7o cont\u00ednuo comum de opera\u00e7\u00e3o e manuten\u00e7\u00e3o preventiva e corretiva nos equipamentos de climatiza\u00e7\u00e3o instalados na Policl\u00ednica M\u00e9dica (POMED) e Policl\u00ednica Odontol\u00f3gica (PODON) do CBMDF, com o fornecimento de m\u00e3o de obra, reposi\u00e7\u00e3o de pe\u00e7as, componentes e acess\u00f3rios necess\u00e1rios ao perfeito funcionamento dos equipamentos, conforme especifica\u00e7\u00f5es, quantitativos e condi\u00e7\u00f5es estabelecidos no Termo de Refer\u00eancia constante do Anexo I ao Edital.<\/strong><\/td>\n<\/tr>\n<tr>\n<td width=\"192\"><strong>Descri\u00e7\u00e3o e n\u00famero de itens<\/strong><\/p>\n<p><strong>\u00a0Total de Itens: 4. Total de Grupos: 1.<\/strong><\/td>\n<td width=\"392\">GRUPO 01:<\/p>\n<p>01 \u2013 PE\u00c7AS.<\/p>\n<p>02 \u2013 MATERIAL DE CONSUMO MENSAL.<\/p>\n<p>03 \u2013 RELA\u00c7\u00c3O M\u00cdNIMA DE EQUIPAMENTOS.<\/p>\n<p>04 &#8211; \u00a0M\u00c3O DE OBRA (Engenheiro Mec\u00e2nico, Mec\u00e2nico\/T\u00e9cnico de Refrigera\u00e7\u00e3o e Auxiliar T\u00e9cnico de Refrigera\u00e7\u00e3o).<\/td>\n<\/tr>\n<tr>\n<td width=\"192\"><strong>Quantidade e valor dos itens<\/strong><\/td>\n<td width=\"392\">Item 01 \u2013 Quantidade 24 meses &#8211; <strong>R$<\/strong><strong>\u00a0<\/strong>389.542,54<strong>.<\/strong><\/p>\n<p>Item 01 \u2013 Quantidade 24 meses &#8211; <strong>R$<\/strong><strong>\u00a0<\/strong>48.394,08<strong>.<\/strong><\/p>\n<p>Item 01 \u2013 Quantidade 24 meses &#8211; <strong>R$<\/strong><strong>\u00a0<\/strong>3.595,79<strong>.<\/strong><\/p>\n<p>Item 01 \u2013 Quantidade 24 meses &#8211; <strong>R$<\/strong><strong>\u00a0<\/strong>272.061,36<strong>.<\/strong><\/td>\n<\/tr>\n<tr>\n<td width=\"192\"><strong>Valor total da licita\u00e7\u00e3o<\/strong><\/td>\n<td width=\"392\"><strong>R$ 713.593,77.<\/strong><\/td>\n<\/tr>\n<tr>\n<td width=\"192\"><strong>Programa de trabalho<\/strong><\/td>\n<td width=\"392\"><strong>PT28.845.0903.00FM.0053<\/strong><\/td>\n<\/tr>\n<tr>\n<td width=\"192\"><strong>Fonte de recursos<\/strong><\/td>\n<td width=\"392\">FCDF<\/td>\n<\/tr>\n<tr>\n<td width=\"192\"><strong>Unidade or\u00e7ament\u00e1ria<\/strong><\/td>\n<td width=\"392\">CBMDF (24.104)<\/td>\n<\/tr>\n<tr>\n<td width=\"192\"><strong>Natureza de despesa<\/strong><\/td>\n<td width=\"392\"><strong>33.90.39<\/strong><\/td>\n<\/tr>\n<tr>\n<td width=\"192\"><strong>Prazo de entrega\/execu\u00e7\u00e3o<\/strong><\/td>\n<td width=\"392\"><strong><u>Prazo de execu\u00e7\u00e3o<\/u><\/strong>\u00a0O servi\u00e7o dever\u00e1 ser iniciado no prazo de at\u00e9 05 (cinco) dias \u00fateis, a contar do recebimento da ORDEM DE SERVI\u00c7O emitida pelo Executor\/Comiss\u00e3o Executora de Contrato, devendo ser executado pelo per\u00edodo de 24 (vinte e quatro) meses, prorrog\u00e1veis at\u00e9 60 (sessenta) meses.\u00a0O Prazo para a execu\u00e7\u00e3o de servi\u00e7os solicitados ser\u00e1 de\u00a0<strong>15\u00a0(quinze) dias CORRIDOS<\/strong>, contados\u00a0<strong>da assinatura do Contrato\u00a0ou\u00a0do recebimento da Nota de Empenho, quando n\u00e3o houver a formaliza\u00e7\u00e3o do instrumento de Contrato;<\/strong><\/td>\n<\/tr>\n<tr>\n<td width=\"192\"><strong>Vig\u00eancia contratual<\/strong><\/td>\n<td width=\"392\">24 meses<\/td>\n<\/tr>\n<tr>\n<td width=\"192\"><strong>Data da adjudica\u00e7\u00e3o e nome do adjudicado<\/strong><\/td>\n<td width=\"392\">A SER DIVULGADO<\/td>\n<\/tr>\n<tr>\n<td width=\"192\"><strong>Data da publica\u00e7\u00e3o do edital e n\u00famero do DODF<\/strong><\/td>\n<td width=\"392\">Abertura publicada no DODF N\u00ba 206, QUINTA-FEIRA, 04 DE NOVEMBRO DE 2021<\/td>\n<\/tr>\n<tr>\n<td width=\"192\"><strong>Data da publica\u00e7\u00e3o da homologa\u00e7\u00e3o e n\u00famero do DODF<\/strong><\/td>\n<td width=\"392\">AVISO DE ANULA\u00c7\u00c3O<br \/>\nPREG\u00c3O ELETR\u00d4NICO N\u00ba 57\/2021, DODF N\u00ba 224, QUINTA-FEIRA, 02 DE DEZEMBRO DE 2021<\/td>\n<\/tr>\n<\/tbody>\n<\/table>\n<p>&nbsp;<\/p>\n<p style=\"text-align: center\"><strong>DOCUMENTOS DA LICITA\u00c7\u00c3O<\/strong><\/p>\n<p>&nbsp;<\/p>\n<a  data-e-Disable-Page-Transition=\"true\" class=\"download-link\" title=\"\" href=\"https:\/\/www.cbm.df.gov.br\/lai\/download\/edital-de-pregao-eletronico-no-57-2021-cbmdf\/?tmstv=1777687830\" rel=\"nofollow\" id=\"download-link-5640\" data-redirect=\"false\" >\n\tEdital de Preg\u00e3o Eletr\u00f4nico n\u00ba 57\/2021 - CBMDF\t(625 downloads\t)\n<\/a>\n\n<p>&nbsp;<\/p>\n<a  data-e-Disable-Page-Transition=\"true\" class=\"download-link\" title=\"\" href=\"https:\/\/www.cbm.df.gov.br\/lai\/download\/impugnacao-empresa-polo-clima-instalacao-e-manutencao-de-ar-condicionados-ltda\/?tmstv=1777687830\" rel=\"nofollow\" id=\"download-link-5774\" data-redirect=\"false\" >\n\tImpugna\u00e7\u00e3o Empresa Polo Clima Instala\u00e7\u00e3o e Manuten\u00e7\u00e3o de Ar Condicionados Ltda\t(775 downloads\t)\n<\/a>\n\n<p>&nbsp;<\/p>\n<a  data-e-Disable-Page-Transition=\"true\" class=\"download-link\" title=\"\" href=\"https:\/\/www.cbm.df.gov.br\/lai\/download\/resposta-a-impugnacao-empresa-polo-clima-instalacao-e-manutencao-de-ar-condicionados-ltda\/?tmstv=1777687830\" rel=\"nofollow\" id=\"download-link-5777\" data-redirect=\"false\" >\n\tResposta a Impugna\u00e7\u00e3o Empresa Polo Clima Instala\u00e7\u00e3o e Manuten\u00e7\u00e3o de Ar Condicionados Ltda.\t(841 downloads\t)\n<\/a>\n\n","protected":false},"excerpt":{"rendered":"<p>PE n\u00ba 57\/2021 \u2013 Contrata\u00e7\u00e3o de empresa para execu\u00e7\u00e3o de servi\u00e7o cont\u00ednuo comum de opera\u00e7\u00e3o e manuten\u00e7\u00e3o preventiva e corretiva nos equipamentos de climatiza\u00e7\u00e3o instalados na Policl\u00ednica M\u00e9dica (POMED) e Policl\u00ednica Odontol\u00f3gica (PODON) do CBMDF, com o fornecimento de m\u00e3o de obra, reposi\u00e7\u00e3o de pe\u00e7as, componentes e acess\u00f3rios necess\u00e1rios ao perfeito funcionamento dos equipamentos, conforme [&hellip;]<\/p>\n","protected":false},"author":14,"featured_media":0,"comment_status":"closed","ping_status":"closed","sticky":false,"template":"","format":"standard","meta":{"_crdt_document":"","ocean_post_layout":"","ocean_both_sidebars_style":"","ocean_both_sidebars_content_width":0,"ocean_both_sidebars_sidebars_width":0,"ocean_sidebar":"","ocean_second_sidebar":"","ocean_disable_margins":"enable","ocean_add_body_class":"","ocean_shortcode_before_top_bar":"","ocean_shortcode_after_top_bar":"","ocean_shortcode_before_header":"","ocean_shortcode_after_header":"","ocean_has_shortcode":"","ocean_shortcode_after_title":"","ocean_shortcode_before_footer_widgets":"","ocean_shortcode_after_footer_widgets":"","ocean_shortcode_before_footer_bottom":"","ocean_shortcode_after_footer_bottom":"","ocean_display_top_bar":"default","ocean_display_header":"default","ocean_header_style":"","ocean_center_header_left_menu":"","ocean_custom_header_template":"","ocean_custom_logo":0,"ocean_custom_retina_logo":0,"ocean_custom_logo_max_width":0,"ocean_custom_logo_tablet_max_width":0,"ocean_custom_logo_mobile_max_width":0,"ocean_custom_logo_max_height":0,"ocean_custom_logo_tablet_max_height":0,"ocean_custom_logo_mobile_max_height":0,"ocean_header_custom_menu":"","ocean_menu_typo_font_family":"","ocean_menu_typo_font_subset":"","ocean_menu_typo_font_size":0,"ocean_menu_typo_font_size_tablet":0,"ocean_menu_typo_font_size_mobile":0,"ocean_menu_typo_font_size_unit":"px","ocean_menu_typo_font_weight":"","ocean_menu_typo_font_weight_tablet":"","ocean_menu_typo_font_weight_mobile":"","ocean_menu_typo_transform":"","ocean_menu_typo_transform_tablet":"","ocean_menu_typo_transform_mobile":"","ocean_menu_typo_line_height":0,"ocean_menu_typo_line_height_tablet":0,"ocean_menu_typo_line_height_mobile":0,"ocean_menu_typo_line_height_unit":"","ocean_menu_typo_spacing":0,"ocean_menu_typo_spacing_tablet":0,"ocean_menu_typo_spacing_mobile":0,"ocean_menu_typo_spacing_unit":"","ocean_menu_link_color":"","ocean_menu_link_color_hover":"","ocean_menu_link_color_active":"","ocean_menu_link_background":"","ocean_menu_link_hover_background":"","ocean_menu_link_active_background":"","ocean_menu_social_links_bg":"","ocean_menu_social_hover_links_bg":"","ocean_menu_social_links_color":"","ocean_menu_social_hover_links_color":"","ocean_disable_title":"default","ocean_disable_heading":"default","ocean_post_title":"","ocean_post_subheading":"","ocean_post_title_style":"","ocean_post_title_background_color":"","ocean_post_title_background":0,"ocean_post_title_bg_image_position":"","ocean_post_title_bg_image_attachment":"","ocean_post_title_bg_image_repeat":"","ocean_post_title_bg_image_size":"","ocean_post_title_height":0,"ocean_post_title_bg_overlay":0.5,"ocean_post_title_bg_overlay_color":"","ocean_disable_breadcrumbs":"default","ocean_breadcrumbs_color":"","ocean_breadcrumbs_separator_color":"","ocean_breadcrumbs_links_color":"","ocean_breadcrumbs_links_hover_color":"","ocean_display_footer_widgets":"default","ocean_display_footer_bottom":"default","ocean_custom_footer_template":"","ocean_post_oembed":"","ocean_post_self_hosted_media":"","ocean_post_video_embed":"","ocean_link_format":"","ocean_link_format_target":"self","ocean_quote_format":"","ocean_quote_format_link":"post","ocean_gallery_link_images":"off","ocean_gallery_id":[],"footnotes":""},"categories":[17],"tags":[],"class_list":["post-4001","post","type-post","status-publish","format-standard","hentry","category-17","entry"],"_links":{"self":[{"href":"https:\/\/www.cbm.df.gov.br\/lai\/wp-json\/wp\/v2\/posts\/4001","targetHints":{"allow":["GET"]}}],"collection":[{"href":"https:\/\/www.cbm.df.gov.br\/lai\/wp-json\/wp\/v2\/posts"}],"about":[{"href":"https:\/\/www.cbm.df.gov.br\/lai\/wp-json\/wp\/v2\/types\/post"}],"author":[{"embeddable":true,"href":"https:\/\/www.cbm.df.gov.br\/lai\/wp-json\/wp\/v2\/users\/14"}],"replies":[{"embeddable":true,"href":"https:\/\/www.cbm.df.gov.br\/lai\/wp-json\/wp\/v2\/comments?post=4001"}],"version-history":[{"count":6,"href":"https:\/\/www.cbm.df.gov.br\/lai\/wp-json\/wp\/v2\/posts\/4001\/revisions"}],"predecessor-version":[{"id":9306,"href":"https:\/\/www.cbm.df.gov.br\/lai\/wp-json\/wp\/v2\/posts\/4001\/revisions\/9306"}],"wp:attachment":[{"href":"https:\/\/www.cbm.df.gov.br\/lai\/wp-json\/wp\/v2\/media?parent=4001"}],"wp:term":[{"taxonomy":"category","embeddable":true,"href":"https:\/\/www.cbm.df.gov.br\/lai\/wp-json\/wp\/v2\/categories?post=4001"},{"taxonomy":"post_tag","embeddable":true,"href":"https:\/\/www.cbm.df.gov.br\/lai\/wp-json\/wp\/v2\/tags?post=4001"}],"curies":[{"name":"wp","href":"https:\/\/api.w.org\/{rel}","templated":true}]}}